{"id":147543,"date":"2024-05-15T00:48:19","date_gmt":"2024-05-15T03:48:19","guid":{"rendered":"https:\/\/corrientesdetarde.com\/?p=147543"},"modified":"2024-05-15T00:48:30","modified_gmt":"2024-05-15T03:48:30","slug":"la-dpec-realizara-trabajos-de-mejoras-en-el-interior-4","status":"publish","type":"post","link":"https:\/\/corrientesdetarde.com\/index.php\/informacion-general\/la-dpec-realizara-trabajos-de-mejoras-en-el-interior-4\/","title":{"rendered":"La DPEC realizar\u00e1 trabajos de mejoras en el interior"},"content":{"rendered":"\n<p>La Direcci\u00f3n Provincial de Energ\u00eda de Corrientes (DPEC) informa que con motivo de realizar mejoras en el servicio, se ejecutar\u00e1n tareas de mantenimiento de L\u00edneas de Media Tensi\u00f3n (LMT), por lo cual se interrumpir\u00e1 el suministro de energ\u00eda el\u00e9ctrica en la localidad de&nbsp;<strong>CA\u00c1 CAT\u00cd<\/strong>, el mi\u00e9rcoles&nbsp;15\/05\/24, en el horario de&nbsp;13:00 a 16:00 Hs, en zonas de&nbsp;Calle Gervasio Blanco desde el acceso por Ruta 13 hasta el Balneario Municipal, todo el corredor de calle Cura Geneyro, B\u00b0 Coembot\u00e1, B\u00b0 Los Profesionales, B\u00b0 Sol Naciente, B\u00b0 San Cayetano, B\u00b0 San Jorge y B\u00b0 Virgen del Rosario.<\/p>\n\n\n\n<p>Por otro lado, informa que con motivo de realizar mejoras en el servicio, se ejecutar\u00e1n tareas de mantenimiento de L\u00edneas de Media Tensi\u00f3n (LMT), por lo cual se interrumpir\u00e1 el suministro de energ\u00eda el\u00e9ctrica en la localidad de&nbsp;<strong>MERCEDES<\/strong>, el mi\u00e9rcoles&nbsp;15\/05\/24, en el horario de&nbsp;07:30 a 09:00 Hs, en zonas de los&nbsp;Pozos N\u00b0 9, N\u00b0 10, N\u00b0 11, N\u00b0 12 de Aguas de Corrientes, B\u00b0 Sagrada Familia, B\u00b0 Anfiteatro, B\u00b0 5 de Julio y B\u00b0 Los Aromos.<\/p>\n\n\n\n<p>Por \u00faltimo, informa que con motivo de realizar mejoras en el servicio, se ejecutar\u00e1n tareas de mantenimiento de L\u00edneas de Media Tensi\u00f3n (LMT), por lo cual se interrumpir\u00e1 el suministro de energ\u00eda el\u00e9ctrica en la localidad de&nbsp;<strong>PASO DE LOS LIBRES<\/strong>, el mi\u00e9rcoles 15\/05\/24, en el horario de 08:00 a 12:00 Hs, en zonas del B\u00b0 de Oficiales Gral. San Mart\u00edn, A.C.A., Centro de Frontera, Av. San Mart\u00edn, Costanera, Terminal de \u00d3mnibus, Autocrom, zona de Pago Largo y Coronel L\u00f3pez.<\/p>\n","protected":false},"excerpt":{"rendered":"<p>La Direcci\u00f3n Provincial de Energ\u00eda de Corrientes (DPEC) informa que con motivo de realizar mejoras en el servicio, se ejecutar\u00e1n tareas de mantenimiento de L\u00edneas de Media Tensi\u00f3n (LMT), por&hellip; <\/p>\n","protected":false},"author":4,"featured_media":147544,"comment_status":"closed","ping_status":"open","sticky":false,"template":"","format":"standard","meta":{"footnotes":""},"categories":[1],"tags":[],"class_list":["post-147543","post","type-post","status-publish","format-standard","has-post-thumbnail","hentry","category-informacion-general"],"_links":{"self":[{"href":"https:\/\/corrientesdetarde.com\/index.php\/wp-json\/wp\/v2\/posts\/147543","targetHints":{"allow":["GET"]}}],"collection":[{"href":"https:\/\/corrientesdetarde.com\/index.php\/wp-json\/wp\/v2\/posts"}],"about":[{"href":"https:\/\/corrientesdetarde.com\/index.php\/wp-json\/wp\/v2\/types\/post"}],"author":[{"embeddable":true,"href":"https:\/\/corrientesdetarde.com\/index.php\/wp-json\/wp\/v2\/users\/4"}],"replies":[{"embeddable":true,"href":"https:\/\/corrientesdetarde.com\/index.php\/wp-json\/wp\/v2\/comments?post=147543"}],"version-history":[{"count":1,"href":"https:\/\/corrientesdetarde.com\/index.php\/wp-json\/wp\/v2\/posts\/147543\/revisions"}],"predecessor-version":[{"id":147545,"href":"https:\/\/corrientesdetarde.com\/index.php\/wp-json\/wp\/v2\/posts\/147543\/revisions\/147545"}],"wp:featuredmedia":[{"embeddable":true,"href":"https:\/\/corrientesdetarde.com\/index.php\/wp-json\/wp\/v2\/media\/147544"}],"wp:attachment":[{"href":"https:\/\/corrientesdetarde.com\/index.php\/wp-json\/wp\/v2\/media?parent=147543"}],"wp:term":[{"taxonomy":"category","embeddable":true,"href":"https:\/\/corrientesdetarde.com\/index.php\/wp-json\/wp\/v2\/categories?post=147543"},{"taxonomy":"post_tag","embeddable":true,"href":"https:\/\/corrientesdetarde.com\/index.php\/wp-json\/wp\/v2\/tags?post=147543"}],"curies":[{"name":"wp","href":"https:\/\/api.w.org\/{rel}","templated":true}]}}