{"id":147553,"date":"2024-05-15T08:25:46","date_gmt":"2024-05-15T11:25:46","guid":{"rendered":"https:\/\/corrientesdetarde.com\/?p=147553"},"modified":"2024-05-15T08:25:58","modified_gmt":"2024-05-15T11:25:58","slug":"valdes-no-hay-que-quejarse-tanto-seguramente-saldremos-de-esta-crisis","status":"publish","type":"post","link":"https:\/\/corrientesdetarde.com\/index.php\/politica\/valdes-no-hay-que-quejarse-tanto-seguramente-saldremos-de-esta-crisis\/","title":{"rendered":"Vald\u00e9s: &#8220;No hay que quejarse tanto, seguramente saldremos de esta crisis&#8221;"},"content":{"rendered":"\n<p>&#8220;Hay que seguir d\u00e1ndole para adelante, seguramente saldremos de esta crisis econ\u00f3mica. Y no hay que quejarse tanto. Argentina tuvo crisis econ\u00f3mica desde que me acuerdo, siempre. Parece que somos quejosos, pero debemos meterle para adelante&#8221;, resalt\u00f3 el gobernador Gustavo Vald\u00e9s al referirse a la situaci\u00f3n econ\u00f3mica general del pa\u00eds.<\/p>\n\n\n\n<p>Lo hizo este martes a la siesta en un acto que encabez\u00f3 en la localidad de Garruchos, sobre la costa del r\u00edo Uruguay y cerca del l\u00edmite con la provincia de misiones.<\/p>\n\n\n\n<p>&#8220;Creo que podemos hacer cosas con lo que tenemos. Y debemos arremangarnos como podamos, pero siempre tenemos que estar presentes (como Estado)&#8221;, indic\u00f3 el Mandatario en su mensaje.<\/p>\n\n\n\n<p>Al respecto, indic\u00f3 a continuaci\u00f3n: &#8220;Hoy decimos que estamos en crisis y nunca hubo inauguraci\u00f3n de tantas escuelas como hasta ahora, pero supuestamente estamos en crisis. Sin embargo, las escuelas est\u00e1n y puede haber m\u00e1s o menos inflaci\u00f3n. Podemos estar mejor o peor, pero seguimos con obras p\u00fablicas. Y la apuesta es que tengamos desarrollo y le busquemos la vuelta&#8221;, insisti\u00f3.<\/p>\n\n\n\n<p>&#8220;Hay que seguir por el camino del crecimiento&#8221;, subray\u00f3 y luego sostuvo: &#8220;No se pude crecer econ\u00f3micamente si no tenemos educaci\u00f3n&#8221;.<\/p>\n\n\n\n<h2 class=\"wp-block-heading\">Ganancias<\/h2>\n\n\n\n<p>El fin de semana, Vald\u00e9s habl\u00f3 de pol\u00edtica econ\u00f3mica, espec\u00edficamente sobre el debate de la Ley Bases y el paquete de leyes en el Senado de la Naci\u00f3n. El Mandatario se refiri\u00f3 al Impuesto a las Ganancias, un nuevo umbral recaudatorio que genera pol\u00e9mica en el parlamento argentino y que es -al menos- uno de los dos o tres puntos de mayor discusi\u00f3n que empantana el tratamiento de las iniciativas en la C\u00e1mara Alta.<\/p>\n\n\n\n<p>En este caso, Vald\u00e9s defendi\u00f3 el cobro de Ganancias por el impacto negativo que experiment\u00f3 en materia de coparticipaci\u00f3n el retroceso de los niveles aprobado a finales del a\u00f1o pasado por el Legislativo Nacional a instancias del Gobierno de Alberto Fern\u00e1ndez y con Sergio Massa como ministro de Econom\u00eda y candidato por el oficialismo.<\/p>\n\n\n\n<p>En di\u00e1logo con la prensa, Vald\u00e9s hab\u00eda remarcado el impacto negativo de dicha medida en las arcas provinciales de la eliminaci\u00f3n del Impuesto a la Ganancias en los niveles anteriores, algo que ahora con la Ley Bases se espera ampliar.<\/p>\n\n\n\n<p>&#8220;Estamos 20% abajo de lo que es la recaudaci\u00f3n porque nos sacaron de la masa coparticipable el impuesto a las ganancias&#8221;, asegur\u00f3.<\/p>\n\n\n\n<h2 class=\"wp-block-heading\">Vald\u00e9s y Zdero coinciden en la UNNE<\/h2>\n\n\n\n<figure class=\"wp-block-image\"><img decoding=\"async\" src=\"https:\/\/www.diarioepoca.com\/content\/bucket\/6\/1362856w380h377c.jpg.webp\" alt=\"\"\/><\/figure>\n\n\n\n<p>El gobernador Gustavo Vald\u00e9s y su par del Chaco, Leandro Zdero, coincidir\u00e1n este viernes en una jornada organizada por la Universidad Nacional del Nordeste (UNNE), que estar\u00e1 representada por su rector, Omar Larroza.<\/p>\n\n\n\n<p>En esa ocasi\u00f3n, se har\u00e1 el lanzamiento de una jornada que contar\u00e1 con la presencia de intendentes de localidades de ambas provincias y los rectores de la Universidad Nacional del Litoral, la Universidad Nacional de Rosario.<\/p>\n\n\n\n<p>El programa impulsado se denomina &#8220;Munigesti\u00f3n&#8221;.<\/p>\n","protected":false},"excerpt":{"rendered":"<p>&#8220;Hay que seguir d\u00e1ndole para adelante, seguramente saldremos de esta crisis econ\u00f3mica. Y no hay que quejarse tanto. Argentina tuvo crisis econ\u00f3mica desde que me acuerdo, siempre. Parece que somos&hellip; <\/p>\n","protected":false},"author":12,"featured_media":147559,"comment_status":"closed","ping_status":"open","sticky":false,"template":"","format":"standard","meta":{"footnotes":""},"categories":[26,3],"tags":[],"class_list":["post-147553","post","type-post","status-publish","format-standard","has-post-thumbnail","hentry","category-destacados","category-politica"],"_links":{"self":[{"href":"https:\/\/corrientesdetarde.com\/index.php\/wp-json\/wp\/v2\/posts\/147553","targetHints":{"allow":["GET"]}}],"collection":[{"href":"https:\/\/corrientesdetarde.com\/index.php\/wp-json\/wp\/v2\/posts"}],"about":[{"href":"https:\/\/corrientesdetarde.com\/index.php\/wp-json\/wp\/v2\/types\/post"}],"author":[{"embeddable":true,"href":"https:\/\/corrientesdetarde.com\/index.php\/wp-json\/wp\/v2\/users\/12"}],"replies":[{"embeddable":true,"href":"https:\/\/corrientesdetarde.com\/index.php\/wp-json\/wp\/v2\/comments?post=147553"}],"version-history":[{"count":1,"href":"https:\/\/corrientesdetarde.com\/index.php\/wp-json\/wp\/v2\/posts\/147553\/revisions"}],"predecessor-version":[{"id":147560,"href":"https:\/\/corrientesdetarde.com\/index.php\/wp-json\/wp\/v2\/posts\/147553\/revisions\/147560"}],"wp:featuredmedia":[{"embeddable":true,"href":"https:\/\/corrientesdetarde.com\/index.php\/wp-json\/wp\/v2\/media\/147559"}],"wp:attachment":[{"href":"https:\/\/corrientesdetarde.com\/index.php\/wp-json\/wp\/v2\/media?parent=147553"}],"wp:term":[{"taxonomy":"category","embeddable":true,"href":"https:\/\/corrientesdetarde.com\/index.php\/wp-json\/wp\/v2\/categories?post=147553"},{"taxonomy":"post_tag","embeddable":true,"href":"https:\/\/corrientesdetarde.com\/index.php\/wp-json\/wp\/v2\/tags?post=147553"}],"curies":[{"name":"wp","href":"https:\/\/api.w.org\/{rel}","templated":true}]}}