{"id":147554,"date":"2024-05-15T08:21:09","date_gmt":"2024-05-15T11:21:09","guid":{"rendered":"https:\/\/corrientesdetarde.com\/?p=147554"},"modified":"2024-05-15T08:21:21","modified_gmt":"2024-05-15T11:21:21","slug":"este-jueves-inicia-el-pago-del-plus-de-refuerzo","status":"publish","type":"post","link":"https:\/\/corrientesdetarde.com\/index.php\/locales\/este-jueves-inicia-el-pago-del-plus-de-refuerzo\/","title":{"rendered":"Este jueves inicia el pago del plus de refuerzo"},"content":{"rendered":"\n<p>Los trabajadores activos y jubilados comenzar\u00e1n a cobrar desde este jueves el plus de refuerzo de 30 mil pesos correspondiente al mes de mayo. As\u00ed lo comunic\u00f3 el gobernador Gustavo Vald\u00e9s por medio de sus redes sociales. El pago ser\u00e1 por terminaci\u00f3n de DNI.<\/p>\n\n\n\n<p>CRONOGRAMA:&nbsp;<\/p>\n\n\n\n<p>Jueves 16: 0 y 1&nbsp;<\/p>\n\n\n\n<p>Viernes 17: 2 y 3&nbsp;<\/p>\n\n\n\n<p>Lunes 20: 4 y 5*&nbsp;<\/p>\n\n\n\n<p>Martes 21: 6 y 7&nbsp;<\/p>\n\n\n\n<p>Mi\u00e9rcoles 22: 8 y 9<\/p>\n","protected":false},"excerpt":{"rendered":"<p>Los trabajadores activos y jubilados comenzar\u00e1n a cobrar desde este jueves el plus de refuerzo de 30 mil pesos correspondiente al mes de mayo. As\u00ed lo comunic\u00f3 el gobernador Gustavo&hellip; <\/p>\n","protected":false},"author":12,"featured_media":147555,"comment_status":"closed","ping_status":"open","sticky":false,"template":"","format":"standard","meta":{"footnotes":""},"categories":[8,17],"tags":[],"class_list":["post-147554","post","type-post","status-publish","format-standard","has-post-thumbnail","hentry","category-locales","category-sociales"],"_links":{"self":[{"href":"https:\/\/corrientesdetarde.com\/index.php\/wp-json\/wp\/v2\/posts\/147554","targetHints":{"allow":["GET"]}}],"collection":[{"href":"https:\/\/corrientesdetarde.com\/index.php\/wp-json\/wp\/v2\/posts"}],"about":[{"href":"https:\/\/corrientesdetarde.com\/index.php\/wp-json\/wp\/v2\/types\/post"}],"author":[{"embeddable":true,"href":"https:\/\/corrientesdetarde.com\/index.php\/wp-json\/wp\/v2\/users\/12"}],"replies":[{"embeddable":true,"href":"https:\/\/corrientesdetarde.com\/index.php\/wp-json\/wp\/v2\/comments?post=147554"}],"version-history":[{"count":1,"href":"https:\/\/corrientesdetarde.com\/index.php\/wp-json\/wp\/v2\/posts\/147554\/revisions"}],"predecessor-version":[{"id":147556,"href":"https:\/\/corrientesdetarde.com\/index.php\/wp-json\/wp\/v2\/posts\/147554\/revisions\/147556"}],"wp:featuredmedia":[{"embeddable":true,"href":"https:\/\/corrientesdetarde.com\/index.php\/wp-json\/wp\/v2\/media\/147555"}],"wp:attachment":[{"href":"https:\/\/corrientesdetarde.com\/index.php\/wp-json\/wp\/v2\/media?parent=147554"}],"wp:term":[{"taxonomy":"category","embeddable":true,"href":"https:\/\/corrientesdetarde.com\/index.php\/wp-json\/wp\/v2\/categories?post=147554"},{"taxonomy":"post_tag","embeddable":true,"href":"https:\/\/corrientesdetarde.com\/index.php\/wp-json\/wp\/v2\/tags?post=147554"}],"curies":[{"name":"wp","href":"https:\/\/api.w.org\/{rel}","templated":true}]}}