{"id":147578,"date":"2024-05-15T09:31:30","date_gmt":"2024-05-15T12:31:30","guid":{"rendered":"https:\/\/corrientesdetarde.com\/?p=147578"},"modified":"2024-05-15T09:31:42","modified_gmt":"2024-05-15T12:31:42","slug":"brutal-vuelco-de-un-colectivo-en-peru-hay-13-muertos-y-mas-de-20-heridos","status":"publish","type":"post","link":"https:\/\/corrientesdetarde.com\/index.php\/internacionales\/brutal-vuelco-de-un-colectivo-en-peru-hay-13-muertos-y-mas-de-20-heridos\/","title":{"rendered":"Brutal vuelco de un colectivo en Per\u00fa: hay 13 muertos y m\u00e1s de 20 heridos"},"content":{"rendered":"\n<p><strong>Al menos 13 personas murieron despu\u00e9s de que volcara un colectivo en una ruta de Per\u00fa<\/strong>. El accidente sucedi\u00f3 en la madrugada de este martes y dej\u00f3 adem\u00e1s&nbsp;<strong>una veintena de heridos<\/strong>.<\/p>\n\n\n\n<p>El veh\u00edculo de transporte interprovincial viajaba en la regi\u00f3n peruana de Ayacucho, al sur del pa\u00eds, seg\u00fan informaron fuentes oficiales. La Direcci\u00f3n Regional de Salud (Diresa) revel\u00f3 que\u00a0el impacto\u00a0ocurri\u00f3 cerca de las 6:30 (hora local) en el sector de Apacheta, a la altura del distrito ayacuchano de Vinchos,\u00a0<strong>una zona de dif\u00edcil acceso<\/strong>.<\/p>\n\n\n\n<p>Igualmente, a\u00fan no se precisaron las circunstancias que desencadenaron el\u00a0lamentable incidente. El servicio de salud, los agentes policiales y los bomberos trabajaron en la zona para asistir a los heridos y controlar el tr\u00e1nsito.<\/p>\n\n\n\n<p><strong>Los heridos recibieron primeros auxilios en el lugar<\/strong>&nbsp;y fueron r\u00e1pidamente trasladados al Centro de Salud de Vinchos, al Hospital de Apoyo Jes\u00fas Nazareno y al Hospital Regional de Ayacucho, precisaron las fuentes.<\/p>\n\n\n\n<p>Este siniestro no es un caso aislado, en Per\u00fa&nbsp;<strong>los accidentes viales son habituales&nbsp;<\/strong>y en su mayor\u00eda son ocasionados por la imprudencia de los conductores, el mal estado de las v\u00edas y del parque automotor. Adem\u00e1s, las condiciones agrestes de la geograf\u00eda complican a\u00fan m\u00e1s el panorama.<\/p>\n\n\n\n<p>Las estad\u00edsticas del Consejo Nacional de Seguridad Vial lo comprueban:&nbsp;<strong>al a\u00f1o mueren en Per\u00fa alrededor de 3000 personas en accidentes de tr\u00e1fico<\/strong>, la mayor\u00eda por atropellos, y unos 55.000 quedan heridos.<\/p>\n\n\n\n<h2 class=\"wp-block-heading\">Otro accidente que termin\u00f3 con la vida de un joven de 24 a\u00f1os<\/h2>\n\n\n\n<p>Un\u00a0tr\u00e1gico accidente\u00a0ocurri\u00f3 en la localidad\u00a0cordobesa\u00a0de Bell Ville. Un auto volc\u00f3 y los dos j\u00f3venes que viajaban en \u00e9l salieron despedidos:\u00a0<strong>uno de ellos muri\u00f3 y el otro se encuentra internado en grave estado.<\/strong><\/p>\n\n\n\n<p>El dram\u00e1tico episodio ocurri\u00f3 este s\u00e1bado cerca de las 8:00 en la ruta provincial 3, en una zona conocida como \u201cla curva del globo\u201d.<\/p>\n\n\n\n<figure class=\"wp-block-image\"><img decoding=\"async\" src=\"https:\/\/tn.com.ar\/resizer\/Xxr_hK65Q_FJBTDepOGwP3VvyFY=\/767x0\/smart\/filters:format(webp)\/cloudfront-us-east-1.images.arcpublishing.com\/artear\/YKFPNOBFQFEG5CPXMKFO34PAJY.jpg\" alt=\"As\u00ed qued\u00f3 el veh\u00edculo luego del brutal vuelco en Bell Ville. (Foto: gentileza Bomberos Voluntarios de Bell Ville)\"\/><figcaption class=\"wp-element-caption\">As\u00ed qued\u00f3 el veh\u00edculo luego del brutal vuelco en Bell Ville. (Foto: gentileza Bomberos Voluntarios de Bell Ville)<\/figcaption><\/figure>\n\n\n\n<p><em><strong>Le\u00e9 tambi\u00e9n:&nbsp;<\/strong><\/em><a href=\"https:\/\/tn.com.ar\/sociedad\/2024\/05\/11\/te-arrancaron-de-nuestra-vida-la-desgarradora-despedida-a-la-chica-de-15-anos-que-habria-sido-drogada\/\"><em><strong>Muerte y misterio en San Mart\u00edn: los desgarradores mensajes de despedida a la chica de 15 a\u00f1os<\/strong><\/em><\/a><\/p>\n\n\n\n<p>De acuerdo a lo informado por los Bomberos Voluntarios de Bell Ville, en el veh\u00edculo, un Fiat Palio rojo, se encontraban el joven de 24 a\u00f1os y otro de 22. Producto del fuerte impacto,<strong>&nbsp;el mayor de ellos muri\u00f3&nbsp;<\/strong>y el menor debi\u00f3 ser trasladado de urgencia al hospital local.<\/p>\n\n\n\n<p>El personal policial de la Patrulla Preventiva de la ciudad fue quien se acerc\u00f3 hasta el lugar y encontr\u00f3 la dram\u00e1tica escena. El auto, adem\u00e1s, qued\u00f3 destruido tras el brutal vuelco.<\/p>\n\n\n\n<p>Lo que se sabe es que los chicos se dirig\u00edan al sur de la provincia, en direcci\u00f3n a la localidad de Justiniano Posse, cuando perdieron el control del auto.<\/p>\n\n\n\n<p><strong>Todav\u00eda no se establecieron los motivos del vuelco<\/strong>, ya que la Polic\u00eda se encuentra realizando tareas de investigaci\u00f3n para determinar qu\u00e9 ocurri\u00f3, seg\u00fan informaron los medios locales.<\/p>\n","protected":false},"excerpt":{"rendered":"<p>Al menos 13 personas murieron despu\u00e9s de que volcara un colectivo en una ruta de Per\u00fa. El accidente sucedi\u00f3 en la madrugada de este martes y dej\u00f3 adem\u00e1s&nbsp;una veintena de&hellip; <\/p>\n","protected":false},"author":12,"featured_media":147585,"comment_status":"closed","ping_status":"open","sticky":false,"template":"","format":"standard","meta":{"footnotes":""},"categories":[11],"tags":[],"class_list":["post-147578","post","type-post","status-publish","format-standard","has-post-thumbnail","hentry","category-internacionales"],"_links":{"self":[{"href":"https:\/\/corrientesdetarde.com\/index.php\/wp-json\/wp\/v2\/posts\/147578","targetHints":{"allow":["GET"]}}],"collection":[{"href":"https:\/\/corrientesdetarde.com\/index.php\/wp-json\/wp\/v2\/posts"}],"about":[{"href":"https:\/\/corrientesdetarde.com\/index.php\/wp-json\/wp\/v2\/types\/post"}],"author":[{"embeddable":true,"href":"https:\/\/corrientesdetarde.com\/index.php\/wp-json\/wp\/v2\/users\/12"}],"replies":[{"embeddable":true,"href":"https:\/\/corrientesdetarde.com\/index.php\/wp-json\/wp\/v2\/comments?post=147578"}],"version-history":[{"count":1,"href":"https:\/\/corrientesdetarde.com\/index.php\/wp-json\/wp\/v2\/posts\/147578\/revisions"}],"predecessor-version":[{"id":147586,"href":"https:\/\/corrientesdetarde.com\/index.php\/wp-json\/wp\/v2\/posts\/147578\/revisions\/147586"}],"wp:featuredmedia":[{"embeddable":true,"href":"https:\/\/corrientesdetarde.com\/index.php\/wp-json\/wp\/v2\/media\/147585"}],"wp:attachment":[{"href":"https:\/\/corrientesdetarde.com\/index.php\/wp-json\/wp\/v2\/media?parent=147578"}],"wp:term":[{"taxonomy":"category","embeddable":true,"href":"https:\/\/corrientesdetarde.com\/index.php\/wp-json\/wp\/v2\/categories?post=147578"},{"taxonomy":"post_tag","embeddable":true,"href":"https:\/\/corrientesdetarde.com\/index.php\/wp-json\/wp\/v2\/tags?post=147578"}],"curies":[{"name":"wp","href":"https:\/\/api.w.org\/{rel}","templated":true}]}}