{"id":14758,"date":"2022-10-26T15:55:44","date_gmt":"2022-10-26T18:55:44","guid":{"rendered":"https:\/\/corrientesdetarde.com\/?p=14758"},"modified":"2022-10-26T15:55:47","modified_gmt":"2022-10-26T18:55:47","slug":"la-diputada-que-rompio-en-llanto-en-plena-sesion-perdio-un-hijo-tiene-otro-internado-y-esta-aca","status":"publish","type":"post","link":"https:\/\/corrientesdetarde.com\/index.php\/nacionales\/la-diputada-que-rompio-en-llanto-en-plena-sesion-perdio-un-hijo-tiene-otro-internado-y-esta-aca\/","title":{"rendered":"La diputada que rompi\u00f3 en llanto en plena sesi\u00f3n: &#8220;Perdi\u00f3 un hijo, tiene otro internado y est\u00e1 ac\u00e1&#8221;"},"content":{"rendered":"\n<p>El reconocimiento a Camila Crescimbeni, diputada nacional, que estuvo presente en su banca a pesar de haber perdido a su hijo y estar en licencia por maternidad.<\/p>\n\n\n\n<p>Tras una extensa jornada en Diputados por el\u00a0<strong>debate del Presupuesto 2023<\/strong>, se vivi\u00f3 un momento emotivo cuando\u00a0<strong>todo el recinto se levant\u00f3 para aplaudir a la diputada por el PRO, Camila Crescimbeni.\u00a0<\/strong>Hace menos de un mes<strong>\u00a0la legisladora perdi\u00f3 un hijo\u00a0<\/strong>y est\u00e1 en licencia por maternidad de su\u00a0<strong>otro beb\u00e9 que est\u00e1 internado.<\/strong><\/p>\n\n\n\n<p>El hecho se vivi\u00f3 minutos despu\u00e9s de la votaci\u00f3n donde<strong>&nbsp;se aprob\u00f3 el proyecto de Presupuesto 2023.&nbsp;<\/strong>La sesi\u00f3n dur\u00f3 m\u00e1s cerca de 20 horas y en el transcurso&nbsp;<strong>hubo chicanas entre los partidos.<\/strong><\/p>\n\n\n\n<p>Aun as\u00ed, los rostros cambiaron cuando su compa\u00f1era de bloque,\u00a0<strong>Silvia Lospennato, pidi\u00f3 la palabra<\/strong>: \u00abEs solamente un minuto, la verdad es que quer\u00edamos agradecerle y contarles que\u00a0<strong>la diputada Camila Crescimbeni, que hace menos de un mes perdi\u00f3 un hijo, que est\u00e1 en licencia por maternidad de su otro beb\u00e9 que est\u00e1 internado<\/strong>, vino hoy a cumplir con su funci\u00f3n\u00bb.<\/p>\n\n\n\n<p>Antes de finalizar tambi\u00e9n&nbsp;<strong>aprovech\u00f3 el espacio para criticar a otras figuras&nbsp;<\/strong>que se ausentan sin motivos de las votaciones: \u00ab<strong>Mientras muchos diputados se fueron a dormir, la diputada Camila Crescimbeni vino<\/strong>&nbsp;a cumplir con su funci\u00f3n y era simplemente eso, nada m\u00e1s\u00bb.<\/p>\n\n\n\n<p>Inmediatamente<strong>\u00a0todos los diputados se levantaron y aplaudieron a Crescimbeni\u00a0<\/strong>que rompi\u00f3 en un profundo llanto.<\/p>\n\n\n\n<figure class=\"wp-block-embed is-type-video is-provider-youtube wp-block-embed-youtube wp-embed-aspect-16-9 wp-has-aspect-ratio\"><div class=\"wp-block-embed__wrapper\">\n<iframe loading=\"lazy\" title=\"Sesi\u00f3n en Diputados  Silvia Lospennato habl\u00f3 de Camila Crescimbeni y cont\u00f3 que perdi\u00f3 un hijo\" width=\"1110\" height=\"624\" src=\"https:\/\/www.youtube.com\/embed\/Lork4TJjZa4?feature=oembed\" frameborder=\"0\" allow=\"accelerometer; autoplay; clipboard-write; encrypted-media; gyroscope; picture-in-picture\" allowfullscreen><\/iframe>\n<\/div><\/figure>\n\n\n\n<p><\/p>\n","protected":false},"excerpt":{"rendered":"<p>El reconocimiento a Camila Crescimbeni, diputada nacional, que estuvo presente en su banca a pesar de haber perdido a su hijo y estar en licencia por maternidad. Tras una extensa&hellip; <\/p>\n","protected":false},"author":1,"featured_media":14770,"comment_status":"closed","ping_status":"open","sticky":false,"template":"","format":"standard","meta":{"footnotes":""},"categories":[10],"tags":[],"class_list":["post-14758","post","type-post","status-publish","format-standard","has-post-thumbnail","hentry","category-nacionales"],"_links":{"self":[{"href":"https:\/\/corrientesdetarde.com\/index.php\/wp-json\/wp\/v2\/posts\/14758","targetHints":{"allow":["GET"]}}],"collection":[{"href":"https:\/\/corrientesdetarde.com\/index.php\/wp-json\/wp\/v2\/posts"}],"about":[{"href":"https:\/\/corrientesdetarde.com\/index.php\/wp-json\/wp\/v2\/types\/post"}],"author":[{"embeddable":true,"href":"https:\/\/corrientesdetarde.com\/index.php\/wp-json\/wp\/v2\/users\/1"}],"replies":[{"embeddable":true,"href":"https:\/\/corrientesdetarde.com\/index.php\/wp-json\/wp\/v2\/comments?post=14758"}],"version-history":[{"count":1,"href":"https:\/\/corrientesdetarde.com\/index.php\/wp-json\/wp\/v2\/posts\/14758\/revisions"}],"predecessor-version":[{"id":14771,"href":"https:\/\/corrientesdetarde.com\/index.php\/wp-json\/wp\/v2\/posts\/14758\/revisions\/14771"}],"wp:featuredmedia":[{"embeddable":true,"href":"https:\/\/corrientesdetarde.com\/index.php\/wp-json\/wp\/v2\/media\/14770"}],"wp:attachment":[{"href":"https:\/\/corrientesdetarde.com\/index.php\/wp-json\/wp\/v2\/media?parent=14758"}],"wp:term":[{"taxonomy":"category","embeddable":true,"href":"https:\/\/corrientesdetarde.com\/index.php\/wp-json\/wp\/v2\/categories?post=14758"},{"taxonomy":"post_tag","embeddable":true,"href":"https:\/\/corrientesdetarde.com\/index.php\/wp-json\/wp\/v2\/tags?post=14758"}],"curies":[{"name":"wp","href":"https:\/\/api.w.org\/{rel}","templated":true}]}}