{"id":147580,"date":"2024-05-15T09:28:07","date_gmt":"2024-05-15T12:28:07","guid":{"rendered":"https:\/\/corrientesdetarde.com\/?p=147580"},"modified":"2024-05-15T09:28:19","modified_gmt":"2024-05-15T12:28:19","slug":"bullrich-revelo-cual-era-el-presunto-rol-del-segundo-de-belliboni-en-la-causa-por-extorsiones-a-beneficiarios","status":"publish","type":"post","link":"https:\/\/corrientesdetarde.com\/index.php\/politica\/bullrich-revelo-cual-era-el-presunto-rol-del-segundo-de-belliboni-en-la-causa-por-extorsiones-a-beneficiarios\/","title":{"rendered":"Bullrich revel\u00f3 cu\u00e1l era el presunto rol del segundo de Belliboni en la causa por extorsiones a beneficiarios"},"content":{"rendered":"\n<p>La ministra de Seguridad,\u00a0<strong>Patricia Bullrich,<\/strong>\u00a0habl\u00f3 de \u201cverdugo\u201d y \u201ccapataz\u201d al referirse al segundo de Eduardo Belliboni,\u00a0<strong>Jerem\u00edas Cantero,<\/strong>\u00a0del Polo Obrero, en relaci\u00f3n a la causa que investiga extorsiones de dirigentes sociales a beneficiarios de planes sociales.<\/p>\n\n\n\n<p>Bullrich explic\u00f3: \u201cEn general lo que la gente conoce es lo que llamar\u00eda un \u2018capataz\u2019, el que<strong>&nbsp;maneja los planes<\/strong>&nbsp;en su barrio, es el contacto directo, el que dice:&nbsp;<strong>\u2018Dame la plata,&nbsp;<\/strong>ten\u00e9s que venir tal d\u00eda a depositar, si no ven\u00eds tal d\u00eda y te atras\u00e1s vas a tener intereses, o se te va a&nbsp;<strong>descontar&nbsp;<\/strong>el mes que viene, es el \u2018verdugo\u2019 de estas personas\u201d.<\/p>\n\n\n\n<p>La ministra de Seguridad dijo que en la mayor\u00eda de los casos los denunciantes que llaman a la l\u00ednea&nbsp;<strong>134,<\/strong>&nbsp;para denuncias de amenazas por parte de los dirigentes piqueteros, se refieren quienes \u201cllevan adelante<strong>&nbsp;acciones directas,&nbsp;<\/strong>los intermedios\u201d, en declaraciones a&nbsp;<em>Radio Mitre.<\/em><\/p>\n\n\n\n<p>Bullrich advirti\u00f3, sobre los dirigentes piqueteros mencionados en las llamadas: \u201cEn muchos casos nos cuentan que estas personas cambiaron de auto, de casa, o que tienen cinco camionetas\u201d. A Cantero le secuestraron m\u00e1s de $75.000, U$S2591, 135 recibos de pagos del Polo Obrero y otros elementos incriminatorios.<\/p>\n","protected":false},"excerpt":{"rendered":"<p>La ministra de Seguridad,\u00a0Patricia Bullrich,\u00a0habl\u00f3 de \u201cverdugo\u201d y \u201ccapataz\u201d al referirse al segundo de Eduardo Belliboni,\u00a0Jerem\u00edas Cantero,\u00a0del Polo Obrero, en relaci\u00f3n a la causa que investiga extorsiones de dirigentes sociales&hellip; <\/p>\n","protected":false},"author":12,"featured_media":147581,"comment_status":"closed","ping_status":"open","sticky":false,"template":"","format":"standard","meta":{"footnotes":""},"categories":[3],"tags":[],"class_list":["post-147580","post","type-post","status-publish","format-standard","has-post-thumbnail","hentry","category-politica"],"_links":{"self":[{"href":"https:\/\/corrientesdetarde.com\/index.php\/wp-json\/wp\/v2\/posts\/147580","targetHints":{"allow":["GET"]}}],"collection":[{"href":"https:\/\/corrientesdetarde.com\/index.php\/wp-json\/wp\/v2\/posts"}],"about":[{"href":"https:\/\/corrientesdetarde.com\/index.php\/wp-json\/wp\/v2\/types\/post"}],"author":[{"embeddable":true,"href":"https:\/\/corrientesdetarde.com\/index.php\/wp-json\/wp\/v2\/users\/12"}],"replies":[{"embeddable":true,"href":"https:\/\/corrientesdetarde.com\/index.php\/wp-json\/wp\/v2\/comments?post=147580"}],"version-history":[{"count":1,"href":"https:\/\/corrientesdetarde.com\/index.php\/wp-json\/wp\/v2\/posts\/147580\/revisions"}],"predecessor-version":[{"id":147582,"href":"https:\/\/corrientesdetarde.com\/index.php\/wp-json\/wp\/v2\/posts\/147580\/revisions\/147582"}],"wp:featuredmedia":[{"embeddable":true,"href":"https:\/\/corrientesdetarde.com\/index.php\/wp-json\/wp\/v2\/media\/147581"}],"wp:attachment":[{"href":"https:\/\/corrientesdetarde.com\/index.php\/wp-json\/wp\/v2\/media?parent=147580"}],"wp:term":[{"taxonomy":"category","embeddable":true,"href":"https:\/\/corrientesdetarde.com\/index.php\/wp-json\/wp\/v2\/categories?post=147580"},{"taxonomy":"post_tag","embeddable":true,"href":"https:\/\/corrientesdetarde.com\/index.php\/wp-json\/wp\/v2\/tags?post=147580"}],"curies":[{"name":"wp","href":"https:\/\/api.w.org\/{rel}","templated":true}]}}