{"id":147609,"date":"2024-05-15T12:06:49","date_gmt":"2024-05-15T15:06:49","guid":{"rendered":"https:\/\/corrientesdetarde.com\/?p=147609"},"modified":"2024-05-15T12:06:53","modified_gmt":"2024-05-15T15:06:53","slug":"el-gobierno-pidio-celeridad-en-las-causas-que-investigan-corrupcion-en-comedores-y-aprietes-a-beneficiarios","status":"publish","type":"post","link":"https:\/\/corrientesdetarde.com\/index.php\/politica\/el-gobierno-pidio-celeridad-en-las-causas-que-investigan-corrupcion-en-comedores-y-aprietes-a-beneficiarios\/","title":{"rendered":"El Gobierno pidi\u00f3 celeridad en las causas que investigan corrupci\u00f3n en comedores y aprietes a beneficiarios"},"content":{"rendered":"\n<p>El vocero presidencial,\u00a0<strong>Manuel Adorni<\/strong>, le pidi\u00f3\u00a0<strong>celeridad\u00a0<\/strong>a la Justicia en las causas que investigan a\u00a0<strong>dirigentes sociales<\/strong>\u00a0por presuntas<strong>extorsiones y amenazas a beneficiarios de planes<\/strong>, desviando fondos y manipulando los programas de asistencia del Estado.<\/p>\n\n\n\n<p>\u201c<strong>Todo lo que encontremos<\/strong>&nbsp;que pueda implicar un hecho de corrupci\u00f3n y sea judicializable&nbsp;<strong>lo vamos a denunciar<\/strong>. Cuando juegan con la comida de la gente y la dignidad de las personas es muy lastimoso. La Justicia est\u00e1 investigando y ampliando el radio de an\u00e1lisis.&nbsp;<strong>Esperemos que sea lo m\u00e1s r\u00e1pida posible, que los que hayan jugado con la comida de la gente paguen y sean r\u00e1pidamente condenados<\/strong>\u201d, dijo Adorni este mi\u00e9rcoles en su habitual conferencia de prensa desde Casa Rosada.<\/p>\n\n\n\n<p>El portavoz de Javier Milei asegur\u00f3 que&nbsp;<strong>\u201clas denuncias son muchas y son variadas\u201d&nbsp;<\/strong>y que<strong>&nbsp;\u201cda mucha bronca\u201d<\/strong>.<\/p>\n\n\n\n<p>Unas horas antes, en medio del desarrollo de la&nbsp;causa en la que el juez federal&nbsp;<strong>Sebasti\u00e1n Casanello&nbsp;<\/strong>y el fiscal&nbsp;<strong>Gerardo Pollicita<\/strong>&nbsp;investigan a&nbsp;<strong>grupos piqueteros&nbsp;<\/strong>por un supuesto&nbsp;<strong>sistema extorsivo<\/strong>&nbsp;contra beneficiarios de planes sociales,&nbsp;Adorni hab\u00eda disparado en su cuenta de X (Twitter):&nbsp;<strong>\u201cTe acusaban de ser la \u2018derecha hambreadora\u2019 mientras se quedaban con la comida de los pobres. Fin\u201d<\/strong>.<\/p>\n","protected":false},"excerpt":{"rendered":"<p>El vocero presidencial,\u00a0Manuel Adorni, le pidi\u00f3\u00a0celeridad\u00a0a la Justicia en las causas que investigan a\u00a0dirigentes sociales\u00a0por presuntasextorsiones y amenazas a beneficiarios de planes, desviando fondos y manipulando los programas de asistencia&hellip; <\/p>\n","protected":false},"author":12,"featured_media":147620,"comment_status":"closed","ping_status":"open","sticky":false,"template":"","format":"standard","meta":{"footnotes":""},"categories":[3],"tags":[],"class_list":["post-147609","post","type-post","status-publish","format-standard","has-post-thumbnail","hentry","category-politica"],"_links":{"self":[{"href":"https:\/\/corrientesdetarde.com\/index.php\/wp-json\/wp\/v2\/posts\/147609","targetHints":{"allow":["GET"]}}],"collection":[{"href":"https:\/\/corrientesdetarde.com\/index.php\/wp-json\/wp\/v2\/posts"}],"about":[{"href":"https:\/\/corrientesdetarde.com\/index.php\/wp-json\/wp\/v2\/types\/post"}],"author":[{"embeddable":true,"href":"https:\/\/corrientesdetarde.com\/index.php\/wp-json\/wp\/v2\/users\/12"}],"replies":[{"embeddable":true,"href":"https:\/\/corrientesdetarde.com\/index.php\/wp-json\/wp\/v2\/comments?post=147609"}],"version-history":[{"count":1,"href":"https:\/\/corrientesdetarde.com\/index.php\/wp-json\/wp\/v2\/posts\/147609\/revisions"}],"predecessor-version":[{"id":147621,"href":"https:\/\/corrientesdetarde.com\/index.php\/wp-json\/wp\/v2\/posts\/147609\/revisions\/147621"}],"wp:featuredmedia":[{"embeddable":true,"href":"https:\/\/corrientesdetarde.com\/index.php\/wp-json\/wp\/v2\/media\/147620"}],"wp:attachment":[{"href":"https:\/\/corrientesdetarde.com\/index.php\/wp-json\/wp\/v2\/media?parent=147609"}],"wp:term":[{"taxonomy":"category","embeddable":true,"href":"https:\/\/corrientesdetarde.com\/index.php\/wp-json\/wp\/v2\/categories?post=147609"},{"taxonomy":"post_tag","embeddable":true,"href":"https:\/\/corrientesdetarde.com\/index.php\/wp-json\/wp\/v2\/tags?post=147609"}],"curies":[{"name":"wp","href":"https:\/\/api.w.org\/{rel}","templated":true}]}}