{"id":147610,"date":"2024-05-15T11:05:12","date_gmt":"2024-05-15T14:05:12","guid":{"rendered":"https:\/\/corrientesdetarde.com\/?p=147610"},"modified":"2024-05-15T11:05:15","modified_gmt":"2024-05-15T14:05:15","slug":"paso-de-los-libres-celebrara-el-festival-de-la-torta-frita-y-el-mate-cocido","status":"publish","type":"post","link":"https:\/\/corrientesdetarde.com\/index.php\/interior\/paso-de-los-libres-celebrara-el-festival-de-la-torta-frita-y-el-mate-cocido\/","title":{"rendered":"PASO DE LOS LIBRES CELEBRAR\u00c1 EL FESTIVAL DE LA TORTA FRITA Y EL MATE COCIDO"},"content":{"rendered":"\n<p>Se abrieron las inscripciones para participar del Festival de la Torta Frita y el Mate Cocido.<\/p>\n\n\n\n<p>Habr\u00e1 premios para&nbsp;la mejor torta frita tradicional&nbsp;hasta la mejor ornamentaci\u00f3n de stand y la mejor vestimenta tradicional. Adem\u00e1s, se premiar\u00e1 a la mejor pareja de baile y se reconocer\u00e1 la mejor ornamentaci\u00f3n de stand juvenil, as\u00ed como la mejor torta frita juvenil.<\/p>\n\n\n\n<p>La cita est\u00e1 fijada para el d\u00eda 25 de mayo, a partir de las 14, en el barrio Primavera. Ser\u00e1 una jornada llena de sabores, m\u00fasica y tradiciones, donde la comunidad libre\u00f1a se reunir\u00e1 para compartir momentos inolvidables en torno a dos de sus pasiones m\u00e1s arraigadas: la torta frita y el mate cocido.<\/p>\n\n\n\n<p><strong>Para inscribirse, hay dos opciones disponibles: a trav\u00e9s de WhatsApp al n\u00famero 3772 649981 o dirigirse personalmente a las oficinas de Direcci\u00f3n de Cultura, ubicadas en Pago Largo 1048, en el horario de 8 a 12.<\/strong><\/p>\n\n\n\n<p>Las promociones 2024 y los grupos juveniles tambi\u00e9n tienen su espacio reservado en el festival. Para inscribirse, pueden dirigirse a la Direcci\u00f3n de Juventud, ubicada en Madariaga y Belgrano, en el mismo horario de 8 a 12, o contactarse v\u00eda WhatsApp al n\u00famero 3772 550817.<\/p>\n","protected":false},"excerpt":{"rendered":"<p>Se abrieron las inscripciones para participar del Festival de la Torta Frita y el Mate Cocido. Habr\u00e1 premios para&nbsp;la mejor torta frita tradicional&nbsp;hasta la mejor ornamentaci\u00f3n de stand y la&hellip; <\/p>\n","protected":false},"author":12,"featured_media":147618,"comment_status":"closed","ping_status":"open","sticky":false,"template":"","format":"standard","meta":{"footnotes":""},"categories":[1658],"tags":[],"class_list":["post-147610","post","type-post","status-publish","format-standard","has-post-thumbnail","hentry","category-interior"],"_links":{"self":[{"href":"https:\/\/corrientesdetarde.com\/index.php\/wp-json\/wp\/v2\/posts\/147610","targetHints":{"allow":["GET"]}}],"collection":[{"href":"https:\/\/corrientesdetarde.com\/index.php\/wp-json\/wp\/v2\/posts"}],"about":[{"href":"https:\/\/corrientesdetarde.com\/index.php\/wp-json\/wp\/v2\/types\/post"}],"author":[{"embeddable":true,"href":"https:\/\/corrientesdetarde.com\/index.php\/wp-json\/wp\/v2\/users\/12"}],"replies":[{"embeddable":true,"href":"https:\/\/corrientesdetarde.com\/index.php\/wp-json\/wp\/v2\/comments?post=147610"}],"version-history":[{"count":1,"href":"https:\/\/corrientesdetarde.com\/index.php\/wp-json\/wp\/v2\/posts\/147610\/revisions"}],"predecessor-version":[{"id":147619,"href":"https:\/\/corrientesdetarde.com\/index.php\/wp-json\/wp\/v2\/posts\/147610\/revisions\/147619"}],"wp:featuredmedia":[{"embeddable":true,"href":"https:\/\/corrientesdetarde.com\/index.php\/wp-json\/wp\/v2\/media\/147618"}],"wp:attachment":[{"href":"https:\/\/corrientesdetarde.com\/index.php\/wp-json\/wp\/v2\/media?parent=147610"}],"wp:term":[{"taxonomy":"category","embeddable":true,"href":"https:\/\/corrientesdetarde.com\/index.php\/wp-json\/wp\/v2\/categories?post=147610"},{"taxonomy":"post_tag","embeddable":true,"href":"https:\/\/corrientesdetarde.com\/index.php\/wp-json\/wp\/v2\/tags?post=147610"}],"curies":[{"name":"wp","href":"https:\/\/api.w.org\/{rel}","templated":true}]}}