{"id":147623,"date":"2024-05-15T12:20:17","date_gmt":"2024-05-15T15:20:17","guid":{"rendered":"https:\/\/corrientesdetarde.com\/?p=147623"},"modified":"2024-05-15T12:20:20","modified_gmt":"2024-05-15T15:20:20","slug":"como-se-previene-el-cancer-de-piel-que-le-detectaron-a-facundo-arana","status":"publish","type":"post","link":"https:\/\/corrientesdetarde.com\/index.php\/bienestar-y-salud\/como-se-previene-el-cancer-de-piel-que-le-detectaron-a-facundo-arana\/","title":{"rendered":"C\u00f3mo se previene el c\u00e1ncer de piel que le detectaron a Facundo Arana"},"content":{"rendered":"\n<p><strong>Facundo Arana<\/strong>hizo un posteo en redes que conmovi\u00f3 a todos: el actor argentino revel\u00f3 en su cuenta de<strong>\u00a0Instagram<\/strong>\u00a0que fue diagnosticado con carcinomas en la piel tempranamente. El posteo es\u00a0<strong>alentador\u00a0<\/strong>porque se ve su pulgar para arriba y lo acompa\u00f1\u00f3 con un\u00a0<strong>mensaje\u00a0<\/strong>agradeciendo a los\u00a0<strong>profesionales de la salud<\/strong>\u00a0que lo atendieron.<\/p>\n\n\n\n<p>El\u00a0<strong>c\u00e1ncer<\/strong>\u00a0es una enfermedad que afecta a personas en todo el mundo. Son muchas y variadas las formas en las que puede manifestarse, afectando a distintos \u00f3rganos del cuerpo. Dentro de todas esas variables, el\u00a0<strong>c\u00e1ncer de piel\u00a0<\/strong>es\u00a0<strong>uno de los m\u00e1s comunes despu\u00e9s de los 40 a\u00f1os<\/strong>.<\/p>\n\n\n\n<p>De acuerdo con estad\u00edsticas de la Organizaci\u00f3n Mundial de la Salud (OMS), uno de cada tres diagn\u00f3sticos de c\u00e1ncer es de este tipo. Sin embargo, el&nbsp;<strong>90%&nbsp;<\/strong>de estos casos puede ser tratado si se detecta a tiempo. Por eso, cada vez se hace m\u00e1s hincapi\u00e9 en los controles y autochequeos.<\/p>\n\n\n\n<p>Especialistas del hospital de Cl\u00ednicas advierten que la exposici\u00f3n permanente a los&nbsp;<strong>rayos ultravioletas&nbsp;<\/strong>sin protecci\u00f3n es un peligro latente y aseguran que el c\u00e1ncer de piel cada vez afecta m\u00e1s a personas j\u00f3venes.<\/p>\n\n\n\n<p>\u201cEl c\u00e1ncer de piel es el&nbsp;<strong>primer tipo de c\u00e1ncer&nbsp;<\/strong>de la&nbsp;<strong>vida adulta<\/strong>. Si bien no contamos con datos estad\u00edsticos, la consulta por lesiones de piel sospechosas de c\u00e1ncer es frecuente en el hospital. Por tal motivo, desde hace 30 a\u00f1os, se realiza la campa\u00f1a gratuita la tercera semana de noviembre, llamada \u00b4consulte por lunares\u00b4\u201d, dice&nbsp;<strong>Ariel Sehtman<\/strong>&nbsp;(M.N. 82.978), m\u00e9dico de la Divisi\u00f3n Dermatolog\u00eda del Hospital de Cl\u00ednicas.<\/p>\n\n\n\n<h2 class=\"wp-block-heading\">Tipos m\u00e1s frecuentes de c\u00e1ncer de piel<\/h2>\n\n\n\n<p>\u201cLos tres tipos de<strong>&nbsp;c\u00e1ncer en la piel<\/strong>&nbsp;m\u00e1s frecuentes son el&nbsp;<strong>carcinoma basocelular<\/strong>, el&nbsp;<strong>carcinoma espinocelular<\/strong>&nbsp;y el&nbsp;<strong>melanoma<\/strong>. Existen lesiones precursoras de estos tres por lo cual es importante la consulta peri\u00f3dica con el especialista, a fin de poder detectarlas y as\u00ed, ayudar a prevenir el&nbsp;<strong>c\u00e1ncer cut\u00e1neo<\/strong>. Una de estas lesiones son las&nbsp;<strong>queratosis solares<\/strong>&nbsp;(que comienzan como manchas rosadas peque\u00f1as en sitios expuestos al sol como el cuero cabelludo, las orejas, la cara, los brazos y las piernas, lugares donde la gente no se pone habitualmente el protector solar)\u201d, advierte.<\/p>\n\n\n\n<p>El especialista explica que esas manchas, con el tiempo, se cubren de una peque\u00f1a&nbsp;<strong>escama blanca&nbsp;<\/strong>y que muchas veces&nbsp;<strong>no tienen s\u00edntomas<\/strong>. \u201cEsta<strong>&nbsp;lesi\u00f3n precancerosa<\/strong>, no solo es la m\u00e1s frecuente sino que, adem\u00e1s, tiene hasta un 25% de posibilidad de volverse c\u00e1ncer de piel\u201d, advierte tras a\u00f1adir: \u201cLos<strong>&nbsp;lunares&nbsp;<\/strong>que tienen&nbsp;<strong>m\u00e1s de un color<\/strong>&nbsp;o distintos&nbsp;<strong>tonos del mismo color<\/strong>, que miden m\u00e1s de 6 mil\u00edmetros, que son irregulares, empiezan a crecer o sangran, son s\u00edntomas para prestar atenci\u00f3n\u201d.<\/p>\n\n\n\n<h2 class=\"wp-block-heading\">Franja etaria m\u00e1s afectada por el c\u00e1ncer de piel<\/h2>\n\n\n\n<p>Respecto de cu\u00e1l es la<strong>&nbsp;franja etaria<\/strong>&nbsp;m\u00e1s afectada por este tipo de c\u00e1ncer, el especialista asegura que \u201ccada vez se ven m\u00e1s casos en personas m\u00e1s j\u00f3venes, por el<strong>&nbsp;h\u00e1bito de tomar sol<\/strong>, el uso inadecuado de las&nbsp;<strong>camas solares<\/strong>&nbsp;y la<strong>&nbsp;falta de cuidados dermatol\u00f3gicos&nbsp;<\/strong>como el correcto uso del&nbsp;<strong>protector solar&nbsp;<\/strong>y vestimentas adecuadas, incluido los lentes con filtros solares\u201d.<\/p>\n\n\n\n<p>\u201cHace una o dos d\u00e9cadas atr\u00e1s, era frecuente ver&nbsp;<strong>c\u00e1ncer de piel<\/strong>&nbsp;a partir de los&nbsp;<strong>40-50 a\u00f1os.&nbsp;<\/strong>Hoy vemos m\u00e1s consultas en individuos&nbsp;<strong>mayores de 30<\/strong>. Mientras m\u00e1s bronceado est\u00e9 uno, significa que hemos oxidado m\u00e1s nuestras&nbsp;<strong>c\u00e9lulas cut\u00e1neas<\/strong>&nbsp;y, para protegerse del da\u00f1o ocasionado por el sol, deben fabricar&nbsp;<strong>m\u00e1s pigmento<\/strong>. Es decir, m\u00e1s bronceado significa m\u00e1s da\u00f1o. De all\u00ed la importancia de las medidas de&nbsp;<strong>fotoprotecci\u00f3n&nbsp;<\/strong>y de<strong>&nbsp;fotoeducaci\u00f3n<\/strong>&nbsp;adecuadas, para permitir poder disfrutar del sol con los recaudos necesarios para atenuar sus efectos nocivos\u201d, sostiene.<\/p>\n\n\n\n<p>En ese sentido, el dermat\u00f3logo aclara: \u201cAquellas personas de<strong>&nbsp;ojos, piel y cabellos claros<\/strong>&nbsp;(Fototipos 1 y 2) son los m\u00e1s proclives a padecer<strong>&nbsp;c\u00e1ncer de piel<\/strong>. Se aconseja no exponer al sol a ni\u00f1os menores de 6 meses, tampoco a las personas mayores, porque sus sistemas de defensa son m\u00e1s bajos y no responden adecuadamente frente al&nbsp;<strong>da\u00f1o solar<\/strong>. Las personas que toman medicaci\u00f3n por el motivo que sea, deber\u00edan consultar al dermat\u00f3logo por el riesgo de exacerbar<strong>&nbsp;lesiones cut\u00e1neas<\/strong>&nbsp;frente a la exposici\u00f3n solar\u201d, indica.<\/p>\n\n\n\n<p>Detectado y tratado a tiempo, el&nbsp;<strong>c\u00e1ncer de piel<\/strong>&nbsp;puede curarse en la gran mayor\u00eda de los casos. \u201c<strong>Diagn\u00f3stico y tratamiento precoz&nbsp;<\/strong>permiten lograr&nbsp;<strong>tasas de sobrevida a los 5 a\u00f1os del 95%<\/strong>\u201d. Adem\u00e1s, hoy en d\u00eda existe una gran variedad de tratamientos m\u00e9dicos y quir\u00fargicos que permiten lograr esos resultados\u201d, dice.<\/p>\n\n\n\n<h2 class=\"wp-block-heading\">Consejos a la hora de exponerse al sol<\/h2>\n\n\n\n<p>\u201cLa&nbsp;<strong>prevenci\u00f3n solar&nbsp;<\/strong>es durante todo el a\u00f1o. D\u00edas de sol y nublados por igual (aunque no lo veamos el sol siempre est\u00e1). La prevenci\u00f3n debe ser mediante&nbsp;<strong>medios f\u00edsicos&nbsp;<\/strong>(lentes de sol, ropa adecuada, gorros o sombreros) y<strong>&nbsp;medios qu\u00edmicos<\/strong>&nbsp;como los<strong>&nbsp;protectores solares con factor 30<\/strong>&nbsp;o superior. El protector solar deber\u00eda considerarse una medicaci\u00f3n no solo para prevenir c\u00e1ncer de piel sino para otras afecciones como el&nbsp;<strong>lupus<\/strong>, la&nbsp;<strong>ros\u00e1cea<\/strong>, otras&nbsp;<strong>dermatosis fotosensibles<\/strong>, personas&nbsp;<strong>trasplantadas<\/strong>, pacientes oncol\u00f3gicos\u201d, dice Sehtman.<\/p>\n\n\n\n<figure class=\"wp-block-image\"><img decoding=\"async\" src=\"https:\/\/tn.com.ar\/resizer\/8fWxwB5nTlXuLGZfH_zJqhymrrY=\/767x0\/smart\/filters:format(webp)\/cloudfront-us-east-1.images.arcpublishing.com\/artear\/UXQEAGA5JFBADNQMRI6OWX4RUU.jpg\" alt=\"Los tumores de la piel tienen muchas opciones de tratamiento, como cremas y cirug\u00edas.\"\/><figcaption class=\"wp-element-caption\">Los tumores de la piel tienen muchas opciones de tratamiento, como cremas y cirug\u00edas.<\/figcaption><\/figure>\n\n\n\n<p>Respecto a los<strong>&nbsp;protectores solares<\/strong>, recomienda \u201cla aplicaci\u00f3n y la reaplicaci\u00f3n\u201d. \u201cSe aconseja aplicarlo media hora antes de la exposici\u00f3n al sol y repetirlo cada dos horas, tanto d\u00edas de sol como nublados. Aquellos&nbsp;<strong>productos resistentes al agua<\/strong>&nbsp;no son resistentes a las toallas. Es recomendable en estos casos volver a aplicar luego de secarse por este medio. El protector solar no protege de la<strong>&nbsp;insolaci\u00f3n<\/strong>&nbsp;ni del&nbsp;<strong>golpe de calor<\/strong>. Deben ser para&nbsp;<strong>radiaciones ultravioletas A (UVA)&nbsp;<\/strong>como B (UVB). Una vez aplicado, el protector solar tarda entre 10 y 15 minutos en actuar. De all\u00ed, la importancia de aplicarlo previo a iniciar la exposici\u00f3n\u201d, explica.<\/p>\n\n\n\n<p>Y agrega: \u201cEn nuestro pa\u00eds, para evitar m\u00e1s casos de c\u00e1ncer de piel, ser\u00eda muy importante, adem\u00e1s de las campa\u00f1as y consultas para la detecci\u00f3n y para la fotoeducaci\u00f3n, contar con envases familiares de los&nbsp;<strong>protectores solares<\/strong>&nbsp;para garantizar el uso peri\u00f3dico, con precios accesibles y descuentos de obras sociales y medicinas prepagas, ya que deber\u00edan considerarse como medicamento y no como un producto dermoest\u00e9tico\u201d, sostiene.<\/p>\n\n\n\n<p>Adem\u00e1s recalca que \u201ccuando tenemos una&nbsp;<strong>quemadura solar<\/strong>, no debemos exponernos al sol por un par de d\u00edas, ni aplicarnos productos como&nbsp;<strong>dent\u00edfricos<\/strong>, az\u00facar o alcohol. Ante esta situaci\u00f3n, consultar con el m\u00e9dico dermat\u00f3logo\u201d.<\/p>\n\n\n\n<h2 class=\"wp-block-heading\">Recomendaciones y medidas de protecci\u00f3n contra la acci\u00f3n del sol<\/h2>\n\n\n\n<p>\u201cEl horario recomendado para evitar el sol sin las medidas de protecci\u00f3n adecuadas es&nbsp;<strong>de 10.00 a 15.00<\/strong>. Cuando notamos que tenemos sombra corta de nuestro propio cuerpo, ah\u00ed sabemos que es m\u00e1s peligroso. Si vemos sombra larga, sabemos que es el mejor horario\u201d, precisa.<\/p>\n\n\n\n<p>Por \u00faltimo, el especialista sugiere: \u201cEs muy importante ver qu\u00e9 pasa con los<strong>&nbsp;d\u00edas nublados<\/strong>. En esos d\u00edas, pasan las&nbsp;<strong>radiaciones m\u00e1s agresivas<\/strong>&nbsp;a trav\u00e9s de las nubes, es decir, aquellas que m\u00e1s<strong>&nbsp;c\u00e1ncer de piel<\/strong>&nbsp;producen. Es decir,&nbsp;<strong>un d\u00eda nublado es m\u00e1s peligroso a\u00fan que un d\u00eda soleado.<\/strong>&nbsp;Por eso, es importante extremar las medidas de fotoprotecci\u00f3n en estos d\u00edas y no creer que porque no se lo ve, el sol no produce da\u00f1o y, por lo tanto, no debo cuidarme\u201d.<\/p>\n","protected":false},"excerpt":{"rendered":"<p>Facundo Aranahizo un posteo en redes que conmovi\u00f3 a todos: el actor argentino revel\u00f3 en su cuenta de\u00a0Instagram\u00a0que fue diagnosticado con carcinomas en la piel tempranamente. El posteo es\u00a0alentador\u00a0porque se&hellip; <\/p>\n","protected":false},"author":12,"featured_media":147630,"comment_status":"closed","ping_status":"open","sticky":false,"template":"","format":"standard","meta":{"footnotes":""},"categories":[16],"tags":[],"class_list":["post-147623","post","type-post","status-publish","format-standard","has-post-thumbnail","hentry","category-bienestar-y-salud"],"_links":{"self":[{"href":"https:\/\/corrientesdetarde.com\/index.php\/wp-json\/wp\/v2\/posts\/147623","targetHints":{"allow":["GET"]}}],"collection":[{"href":"https:\/\/corrientesdetarde.com\/index.php\/wp-json\/wp\/v2\/posts"}],"about":[{"href":"https:\/\/corrientesdetarde.com\/index.php\/wp-json\/wp\/v2\/types\/post"}],"author":[{"embeddable":true,"href":"https:\/\/corrientesdetarde.com\/index.php\/wp-json\/wp\/v2\/users\/12"}],"replies":[{"embeddable":true,"href":"https:\/\/corrientesdetarde.com\/index.php\/wp-json\/wp\/v2\/comments?post=147623"}],"version-history":[{"count":1,"href":"https:\/\/corrientesdetarde.com\/index.php\/wp-json\/wp\/v2\/posts\/147623\/revisions"}],"predecessor-version":[{"id":147631,"href":"https:\/\/corrientesdetarde.com\/index.php\/wp-json\/wp\/v2\/posts\/147623\/revisions\/147631"}],"wp:featuredmedia":[{"embeddable":true,"href":"https:\/\/corrientesdetarde.com\/index.php\/wp-json\/wp\/v2\/media\/147630"}],"wp:attachment":[{"href":"https:\/\/corrientesdetarde.com\/index.php\/wp-json\/wp\/v2\/media?parent=147623"}],"wp:term":[{"taxonomy":"category","embeddable":true,"href":"https:\/\/corrientesdetarde.com\/index.php\/wp-json\/wp\/v2\/categories?post=147623"},{"taxonomy":"post_tag","embeddable":true,"href":"https:\/\/corrientesdetarde.com\/index.php\/wp-json\/wp\/v2\/tags?post=147623"}],"curies":[{"name":"wp","href":"https:\/\/api.w.org\/{rel}","templated":true}]}}