{"id":14763,"date":"2022-10-26T15:50:59","date_gmt":"2022-10-26T18:50:59","guid":{"rendered":"https:\/\/corrientesdetarde.com\/?p=14763"},"modified":"2022-10-26T15:51:04","modified_gmt":"2022-10-26T18:51:04","slug":"desarrollo-social-controla-avance-de-obras-y-entrega-recursos-en-tres-localidades","status":"publish","type":"post","link":"https:\/\/corrientesdetarde.com\/index.php\/informacion-general\/desarrollo-social-controla-avance-de-obras-y-entrega-recursos-en-tres-localidades\/","title":{"rendered":"Desarrollo Social controla avance de obras y entrega recursos en tres localidades"},"content":{"rendered":"\n<p>Entre este\u00a0lunes 24\u00a0y martes 25 se realiz\u00f3 un recorrido del Ministerio de Desarrollo Social de la provincia a cargo de Ad\u00e1n Gaya por el interior provincial visitando Hogares de Adultos Mayores.<\/p>\n\n\n\n<p>La Coordinadora del \u00c1rea de Adultos Mayores Lic. Nelly Pintos&nbsp;junto a un equipo t\u00e9cnico visitaron las localidades de Mantilla, San Roque y La Cruz.<\/p>\n\n\n\n<p>Con el objetivo de constatar el avance de las obras de refacci\u00f3n&nbsp;de Los Hogares \u201cJos\u00e9 de Marchi\u201d&nbsp;&nbsp;de Mantilla y \u201cSan Roque de Montepellier\u201d&nbsp;de San Roque y&nbsp;asimismo&nbsp;hacer entrega de recursos.<\/p>\n\n\n\n<p>En la localidad de Mantilla la funcionaria junto al Intendente Jos\u00e9 Marcelo Fern\u00e1ndez&nbsp;recorrieron la obra que se est\u00e1 realizando en el Hogar, tambi\u00e9n se hizo entrega de elementos de limpieza para la instituci\u00f3n fueron recibidos por su Directora&nbsp;Cinthia Torres, en el hogar habitan&nbsp;15 adultos mayores. 9 mujeres y 6 varones.<\/p>\n\n\n\n<p>Por su parte en San Roque&nbsp;tambi\u00e9n se realiz\u00f3 un recorrido por las obras&nbsp;que se est\u00e1n realizando en el Hogar&nbsp;y se hizo entrega de productos de limpieza e higiene.&nbsp;El Hogar \u201c San Roque de Montpellier\u201d atiende una poblaci\u00f3n de 5 adultos mayores. 3 mujeres y 2 varones y su responsable es Lidia B\u00e1ez.<\/p>\n\n\n\n<p>Asimismo&nbsp;el equipo de adultos mayores del Ministerio, al Hogar \u201cCasa de la Tercera Edad Roberto Grenni \u201c&nbsp;en La Cruz , entreg\u00f3 recursos varios, entre ellos&nbsp;una heladera y una cocina industrial y elementos de limpieza , siendo recibidos por su&nbsp;Directora Mar\u00eda B\u00e1ez , en esta instituci\u00f3n&nbsp;atienden una poblaci\u00f3n de&nbsp;9 adultos&nbsp;8 varones y 1 mujer&nbsp;. Les&nbsp;acompa\u00f1\u00f3&nbsp;en la entrega el Secretario de Gobierno Ca\u00f1ete Gustavo y el Secretario de Deporte del Municipio .<\/p>\n\n\n\n<p>Posteriormente&nbsp;la Lic Pintos se reuni\u00f3 con&nbsp;el Intendente Carlos Fagundez&nbsp;con el objetivo de articular acciones y programar actividades en conjunto en pos de las personas de la tercera edad.<\/p>\n\n\n\n<figure class=\"wp-block-image\"><img decoding=\"async\" src=\"https:\/\/dip.corrientes.gob.ar\/mailing\/image\/96858\/view\/75961f6cd9d0480ba69ebf97cc1ad67deb4f49e6.jpg?utm_source=sendinblue&amp;utm_campaign=Desarrollo_Social%20controla%20avance%20de%20obras%20y%20entrega%20recursos%20en%20tres%20localidades&amp;utm_medium=email\" alt=\"\"\/><\/figure>\n\n\n\n<figure class=\"wp-block-image size-full\"><img loading=\"lazy\" decoding=\"async\" width=\"768\" height=\"1024\" src=\"https:\/\/corrientesdetarde.com\/wp-content\/uploads\/2022\/10\/image-340.png\" alt=\"\" class=\"wp-image-14764\" srcset=\"https:\/\/corrientesdetarde.com\/wp-content\/uploads\/2022\/10\/image-340.png 768w, https:\/\/corrientesdetarde.com\/wp-content\/uploads\/2022\/10\/image-340-225x300.png 225w\" sizes=\"auto, (max-width: 768px) 100vw, 768px\" \/><\/figure>\n\n\n\n<figure class=\"wp-block-image size-full\"><img loading=\"lazy\" decoding=\"async\" width=\"768\" height=\"1024\" src=\"https:\/\/corrientesdetarde.com\/wp-content\/uploads\/2022\/10\/image-341.png\" alt=\"\" class=\"wp-image-14765\" srcset=\"https:\/\/corrientesdetarde.com\/wp-content\/uploads\/2022\/10\/image-341.png 768w, https:\/\/corrientesdetarde.com\/wp-content\/uploads\/2022\/10\/image-341-225x300.png 225w\" sizes=\"auto, (max-width: 768px) 100vw, 768px\" \/><\/figure>\n\n\n\n<figure class=\"wp-block-image size-full\"><img loading=\"lazy\" decoding=\"async\" width=\"768\" height=\"1024\" src=\"https:\/\/corrientesdetarde.com\/wp-content\/uploads\/2022\/10\/image-342.png\" alt=\"\" class=\"wp-image-14766\" srcset=\"https:\/\/corrientesdetarde.com\/wp-content\/uploads\/2022\/10\/image-342.png 768w, https:\/\/corrientesdetarde.com\/wp-content\/uploads\/2022\/10\/image-342-225x300.png 225w\" sizes=\"auto, (max-width: 768px) 100vw, 768px\" \/><\/figure>\n\n\n\n<figure class=\"wp-block-image size-full\"><img loading=\"lazy\" decoding=\"async\" width=\"576\" height=\"1024\" src=\"https:\/\/corrientesdetarde.com\/wp-content\/uploads\/2022\/10\/image-343.png\" alt=\"\" class=\"wp-image-14767\" srcset=\"https:\/\/corrientesdetarde.com\/wp-content\/uploads\/2022\/10\/image-343.png 576w, https:\/\/corrientesdetarde.com\/wp-content\/uploads\/2022\/10\/image-343-169x300.png 169w\" sizes=\"auto, (max-width: 576px) 100vw, 576px\" \/><\/figure>\n","protected":false},"excerpt":{"rendered":"<p>Entre este\u00a0lunes 24\u00a0y martes 25 se realiz\u00f3 un recorrido del Ministerio de Desarrollo Social de la provincia a cargo de Ad\u00e1n Gaya por el interior provincial visitando Hogares de Adultos&hellip; <\/p>\n","protected":false},"author":8,"featured_media":14768,"comment_status":"closed","ping_status":"open","sticky":false,"template":"","format":"standard","meta":{"footnotes":""},"categories":[1],"tags":[],"class_list":["post-14763","post","type-post","status-publish","format-standard","has-post-thumbnail","hentry","category-informacion-general"],"_links":{"self":[{"href":"https:\/\/corrientesdetarde.com\/index.php\/wp-json\/wp\/v2\/posts\/14763","targetHints":{"allow":["GET"]}}],"collection":[{"href":"https:\/\/corrientesdetarde.com\/index.php\/wp-json\/wp\/v2\/posts"}],"about":[{"href":"https:\/\/corrientesdetarde.com\/index.php\/wp-json\/wp\/v2\/types\/post"}],"author":[{"embeddable":true,"href":"https:\/\/corrientesdetarde.com\/index.php\/wp-json\/wp\/v2\/users\/8"}],"replies":[{"embeddable":true,"href":"https:\/\/corrientesdetarde.com\/index.php\/wp-json\/wp\/v2\/comments?post=14763"}],"version-history":[{"count":1,"href":"https:\/\/corrientesdetarde.com\/index.php\/wp-json\/wp\/v2\/posts\/14763\/revisions"}],"predecessor-version":[{"id":14769,"href":"https:\/\/corrientesdetarde.com\/index.php\/wp-json\/wp\/v2\/posts\/14763\/revisions\/14769"}],"wp:featuredmedia":[{"embeddable":true,"href":"https:\/\/corrientesdetarde.com\/index.php\/wp-json\/wp\/v2\/media\/14768"}],"wp:attachment":[{"href":"https:\/\/corrientesdetarde.com\/index.php\/wp-json\/wp\/v2\/media?parent=14763"}],"wp:term":[{"taxonomy":"category","embeddable":true,"href":"https:\/\/corrientesdetarde.com\/index.php\/wp-json\/wp\/v2\/categories?post=14763"},{"taxonomy":"post_tag","embeddable":true,"href":"https:\/\/corrientesdetarde.com\/index.php\/wp-json\/wp\/v2\/tags?post=14763"}],"curies":[{"name":"wp","href":"https:\/\/api.w.org\/{rel}","templated":true}]}}