{"id":147632,"date":"2024-05-15T13:40:13","date_gmt":"2024-05-15T16:40:13","guid":{"rendered":"https:\/\/corrientesdetarde.com\/?p=147632"},"modified":"2024-05-15T13:40:16","modified_gmt":"2024-05-15T16:40:16","slug":"nande-mac-y-fadycc-unne-avanzan-en-el-registro-y-la-catalogacion-del-acervo-fundacional","status":"publish","type":"post","link":"https:\/\/corrientesdetarde.com\/index.php\/informacion-general\/nande-mac-y-fadycc-unne-avanzan-en-el-registro-y-la-catalogacion-del-acervo-fundacional\/","title":{"rendered":"\u00d1ande MAC y FADyCC &#8211; UNNE avanzan en el registro y la catalogaci\u00f3n del acervo fundacional"},"content":{"rendered":"\n<p>La Asociaci\u00f3n de Amigos del Museo de Arte Contempor\u00e1neo de Corrientes junto con estudiantes de la Facultad de Artes, Dise\u00f1o y Ciencias de la Cultura y el Museo Provincial de Bellas Artes Dr. Juan Ram\u00f3n Vidal despliegan desde este mes actividades de registro y conservaci\u00f3n para iniciar la catalogaci\u00f3n cr\u00edtica del acervo fundacional de \u00d1ande MAC.<\/p>\n\n\n\n<p>&#8220;Con gran alegr\u00eda y satisfacci\u00f3n transmito en im\u00e1genes y palabras el gran trabajo que est\u00e1 haciendo la Facultad de Arte y Dise\u00f1o de la Universidad Nacional del Nordeste con la Colecci\u00f3n del \u00d1ande Mac de Corrientes&#8221;, afirm\u00f3 el artista visual y coleccionista, impulsor de \u00d1ande MAC, Luis Niveiro, y celebr\u00f3: &#8220;Muchas gracias, a los Profesores, alumnos y colaboradores, por este gran avance&#8221;.<\/p>\n\n\n\n<p>\u201cSe trata de un proceso de registro y catalogaci\u00f3n de la Colecci\u00f3n que avanza bajo la direcci\u00f3n de la Arq. Luciana Sudar y sus estudiantes&#8221;, detall\u00f3, agregando: &#8220;Quiero expresar mi agradecimiento a Elisa Mart\u00ednez, experta restauradora, por unirse a nuestro equipo&#8221;.<\/p>\n\n\n\n<p>&#8220;Asimismo, extendemos nuestro reconocimiento a Facundo Sagardoy por su valioso aporte en nombre de la Asociaci\u00f3n Civil Amigos del \u00d1ande Mac y por su labor en la filmaci\u00f3n&#8221;, a\u00f1adi\u00f3, se\u00f1alando otro agradecimiento a &#8220;todo el equipo fotogr\u00e1fico y f\u00edlmico por su dedicaci\u00f3n y esfuerzo&#8221;. &#8220;Juntos, estamos logrando avances significativos en este importante proyecto&#8221;, sostuvo.<\/p>\n\n\n\n<p><strong>CLASIFICACI\u00d3N BAJO EST\u00c1NDARES INTERNACIONALES<\/strong><\/p>\n\n\n\n<p>Luis Bogado, director del Museo de Bellas Artes Dr. Juan Ram\u00f3n Vidal, instituci\u00f3n custodia del primer grupo de obras trasladadas a Corrientes para constituir el acervo fundacional del Museo de Arte Contempor\u00e1neo de Corrientes, destac\u00f3 el despliegue del proyecto y celebr\u00f3 la iniciativa de Niveiro junto a la Universidad Nacional del Nordeste.<\/p>\n\n\n\n<p>Se trata de &#8220;un trabajo mancomunado entre \u00d1ande MAC, la Asociaci\u00f3n de Amigos del Museo de \u00d1ande MAC, la Facultad de Artes, a trav\u00e9s de la c\u00e1tedra que dirige la arquitecta Luciana Sudar Klappenbach, y el Museo de Bellas Artes Dr. Juan Ram\u00f3n Vidal&#8221;, indic\u00f3 Bogado.<\/p>\n\n\n\n<p>El museo porque alberga desde el a\u00f1o 2017 esta colecci\u00f3n en custodia y sobre el que se ha iniciado esta catalogaci\u00f3n felizmente a trav\u00e9s de profesionales, tambi\u00e9n la inclusi\u00f3n de la restauradora Elisa Mart\u00ednez, la muse\u00f3loga Jennifer Pared que trabaja aqu\u00ed en el museo y yo como responsable de este espacio&#8221;, se\u00f1al\u00f3.<\/p>\n\n\n\n<p>&#8220;Con estas actividades inicia una catalogaci\u00f3n que nos parece muy importante, porque todo museo la debe tener sobre sus colecciones, su patrimonio, y en este caso de acuerdo a est\u00e1ndares internacionales, con lo cual, en adelante, se facilitar\u00e1n las tareas de preservaci\u00f3n, conservaci\u00f3n y restauraci\u00f3n; es un instrumento fundamental para un museo&#8221;, remarc\u00f3.<\/p>\n\n\n\n<p><strong>ARTE, CIENCIAS Y MUSE\u00cdSMO<\/strong><\/p>\n\n\n\n<p>Por su parte, la arquitecta Luciana Sudar, directora del proyecto, que se desarrolla en el marco del programa Unne en el Medio, sino que tambi\u00e9n inspira a los estudiantes a participar activamente en el proceso de catalogaci\u00f3n.<\/p>\n\n\n\n<p>&#8220;Estuvimos participando en un taller de fotograf\u00eda en el museo, donde ense\u00f1amos a los chicos c\u00f3mo fotografiar obras de arte. Se trata de un proyecto que no solo implica ayudar a la comunidad, sino que tambi\u00e9n permite a los estudiantes aprender mediante la pr\u00e1ctica&#8221;, expres\u00f3 la arquitecta Sudar.<\/p>\n\n\n\n<p>&#8220;Actualmente, est\u00e1n trabajando en la creaci\u00f3n de fichas de relevamiento, un protocolo de carga y otros instrumentos que ser\u00e1n \u00fatiles para la Asociaci\u00f3n \u00d1ande MAC y el futuro museo&#8221;, indic\u00f3, detallando que &#8220;esto permitir\u00e1 catalogar de manera sistem\u00e1tica cada obra que se incorpore a la colecci\u00f3n&#8221;. Y distingui\u00f3: &#8220;Elisa Mart\u00ednez tambi\u00e9n estuvo presente&#8221;<\/p>\n\n\n\n<p>&#8220;En adelante empezaremos a describir y embalar las obras, con material de embalaje a cargo de la Universidad con el que dejaremos lo expuesto en muy buenas condiciones para reutilizarlo&#8221;, continu\u00f3 Sudar, remarcando que &#8220;esta actividad tambi\u00e9n forma parte del plan de estudios de la Universidad Nacional del Nordeste<\/p>\n\n\n\n<p>&#8220;Me complace se\u00f1alar que es un proyecto que entusiasma a los alumnos y permite a ellos continuar trabajando de manera independiente en el grupo de catalogaci\u00f3n&#8221;, sostuvo, y estim\u00f3: &#8220;Calculo que en mayo estaremos a pleno con este proyecto&#8221;.<\/p>\n\n\n\n<p><strong>PROYECTO GANADOR<\/strong><\/p>\n\n\n\n<p>El Consejo Superior de la Universidad Nacional del Nordeste (UNNE) aprob\u00f3 el proyecto a principios de este a\u00f1o, luego de que la Facultad de Artes, Dise\u00f1o y Ciencias de la Cultura (FADyCC &#8211; UNNE) y la Asociaci\u00f3n de Amigos del Museo de Arte Contempor\u00e1neo firmaran un acuerdo para la catalogaci\u00f3n cr\u00edtica del acervo fundacional de \u00d1ande MAC.<\/p>\n\n\n\n<p>El Consejo Superior de la Universidad Nacional del Nordeste destac\u00f3 la iniciativa en tercer lugar de entre ciento cinco iniciativas presentadas.<\/p>\n\n\n\n<p>El desarrollo de este proyecto representa un paso crucial en la consolidaci\u00f3n de la relaci\u00f3n entre la academia y el arte contempor\u00e1neo en la regi\u00f3n, record\u00f3 al respecto el presidente de la Asociaci\u00f3n de Amigos del Museo de Arte Contempor\u00e1neo de Corrientes, remarcando que su objetivo principal de la propuesta es llevar a cabo la catalogaci\u00f3n cr\u00edtica del acervo fundacional de \u00d1ande MAC.<\/p>\n\n\n\n<p>&#8220;Como dije en marzo &#8220;se presentaron alrededor de 105 proyectos para llevar a cabo en el ejercicio 2024, y el nuestro result\u00f3 en el tercer puesto de inter\u00e9s por parte de las autoridades, y fue aprobado como tal&#8221;, destac\u00f3 Niveiro.<\/p>\n\n\n\n<p>&#8220;El mismo proporciona financiamiento para el trabajo de catalogaci\u00f3n, ordenamiento y cr\u00edtica de la Colecci\u00f3n a cargo de profesionales, docentes e investigadores de la Facultad de Arte, por lo cual estamos muy agradecidos&#8221;, reafirm\u00f3.<\/p>\n\n\n\n<figure class=\"wp-block-image size-large\"><img loading=\"lazy\" decoding=\"async\" width=\"1024\" height=\"576\" src=\"https:\/\/corrientesdetarde.com\/wp-content\/uploads\/2024\/05\/image-324-1024x576.png\" alt=\"\" class=\"wp-image-147633\" srcset=\"https:\/\/corrientesdetarde.com\/wp-content\/uploads\/2024\/05\/image-324-1024x576.png 1024w, https:\/\/corrientesdetarde.com\/wp-content\/uploads\/2024\/05\/image-324-300x169.png 300w, https:\/\/corrientesdetarde.com\/wp-content\/uploads\/2024\/05\/image-324-768x432.png 768w, https:\/\/corrientesdetarde.com\/wp-content\/uploads\/2024\/05\/image-324-1536x864.png 1536w, https:\/\/corrientesdetarde.com\/wp-content\/uploads\/2024\/05\/image-324.png 1600w\" sizes=\"auto, (max-width: 1024px) 100vw, 1024px\" \/><\/figure>\n\n\n\n<figure class=\"wp-block-image size-large\"><img loading=\"lazy\" decoding=\"async\" width=\"1024\" height=\"576\" src=\"https:\/\/corrientesdetarde.com\/wp-content\/uploads\/2024\/05\/image-325-1024x576.png\" alt=\"\" class=\"wp-image-147634\" srcset=\"https:\/\/corrientesdetarde.com\/wp-content\/uploads\/2024\/05\/image-325-1024x576.png 1024w, https:\/\/corrientesdetarde.com\/wp-content\/uploads\/2024\/05\/image-325-300x169.png 300w, https:\/\/corrientesdetarde.com\/wp-content\/uploads\/2024\/05\/image-325-768x432.png 768w, https:\/\/corrientesdetarde.com\/wp-content\/uploads\/2024\/05\/image-325-1536x864.png 1536w, https:\/\/corrientesdetarde.com\/wp-content\/uploads\/2024\/05\/image-325.png 1600w\" sizes=\"auto, (max-width: 1024px) 100vw, 1024px\" \/><\/figure>\n\n\n\n<figure class=\"wp-block-image size-large\"><img loading=\"lazy\" decoding=\"async\" width=\"1024\" height=\"576\" src=\"https:\/\/corrientesdetarde.com\/wp-content\/uploads\/2024\/05\/image-326-1024x576.png\" alt=\"\" class=\"wp-image-147635\" srcset=\"https:\/\/corrientesdetarde.com\/wp-content\/uploads\/2024\/05\/image-326-1024x576.png 1024w, https:\/\/corrientesdetarde.com\/wp-content\/uploads\/2024\/05\/image-326-300x169.png 300w, https:\/\/corrientesdetarde.com\/wp-content\/uploads\/2024\/05\/image-326-768x432.png 768w, https:\/\/corrientesdetarde.com\/wp-content\/uploads\/2024\/05\/image-326-1536x864.png 1536w, https:\/\/corrientesdetarde.com\/wp-content\/uploads\/2024\/05\/image-326.png 1600w\" sizes=\"auto, (max-width: 1024px) 100vw, 1024px\" \/><\/figure>\n","protected":false},"excerpt":{"rendered":"<p>La Asociaci\u00f3n de Amigos del Museo de Arte Contempor\u00e1neo de Corrientes junto con estudiantes de la Facultad de Artes, Dise\u00f1o y Ciencias de la Cultura y el Museo Provincial de&hellip; <\/p>\n","protected":false},"author":8,"featured_media":147636,"comment_status":"closed","ping_status":"open","sticky":false,"template":"","format":"standard","meta":{"footnotes":""},"categories":[1],"tags":[],"class_list":["post-147632","post","type-post","status-publish","format-standard","has-post-thumbnail","hentry","category-informacion-general"],"_links":{"self":[{"href":"https:\/\/corrientesdetarde.com\/index.php\/wp-json\/wp\/v2\/posts\/147632","targetHints":{"allow":["GET"]}}],"collection":[{"href":"https:\/\/corrientesdetarde.com\/index.php\/wp-json\/wp\/v2\/posts"}],"about":[{"href":"https:\/\/corrientesdetarde.com\/index.php\/wp-json\/wp\/v2\/types\/post"}],"author":[{"embeddable":true,"href":"https:\/\/corrientesdetarde.com\/index.php\/wp-json\/wp\/v2\/users\/8"}],"replies":[{"embeddable":true,"href":"https:\/\/corrientesdetarde.com\/index.php\/wp-json\/wp\/v2\/comments?post=147632"}],"version-history":[{"count":1,"href":"https:\/\/corrientesdetarde.com\/index.php\/wp-json\/wp\/v2\/posts\/147632\/revisions"}],"predecessor-version":[{"id":147637,"href":"https:\/\/corrientesdetarde.com\/index.php\/wp-json\/wp\/v2\/posts\/147632\/revisions\/147637"}],"wp:featuredmedia":[{"embeddable":true,"href":"https:\/\/corrientesdetarde.com\/index.php\/wp-json\/wp\/v2\/media\/147636"}],"wp:attachment":[{"href":"https:\/\/corrientesdetarde.com\/index.php\/wp-json\/wp\/v2\/media?parent=147632"}],"wp:term":[{"taxonomy":"category","embeddable":true,"href":"https:\/\/corrientesdetarde.com\/index.php\/wp-json\/wp\/v2\/categories?post=147632"},{"taxonomy":"post_tag","embeddable":true,"href":"https:\/\/corrientesdetarde.com\/index.php\/wp-json\/wp\/v2\/tags?post=147632"}],"curies":[{"name":"wp","href":"https:\/\/api.w.org\/{rel}","templated":true}]}}