{"id":147638,"date":"2024-05-15T13:46:51","date_gmt":"2024-05-15T16:46:51","guid":{"rendered":"https:\/\/corrientesdetarde.com\/?p=147638"},"modified":"2024-05-15T13:47:03","modified_gmt":"2024-05-15T16:47:03","slug":"frio-en-corrientes-informan-alerta-amarilla-por-temperaturas-extremas","status":"publish","type":"post","link":"https:\/\/corrientesdetarde.com\/index.php\/clima\/frio-en-corrientes-informan-alerta-amarilla-por-temperaturas-extremas\/","title":{"rendered":"Fr\u00edo en Corrientes: informan &#8220;Alerta amarilla&#8221; por &#8220;Temperaturas extremas&#8221;"},"content":{"rendered":"\n<p>Desde el Comando Operativo de Emergencias (COE) advierten que, los departamentos&nbsp;Capital, San Cosme, Empedrado, Itat\u00ed, Ber\u00f3n de Astrada, General Paz, Mburucuy\u00e1, San Luis del Palmar y Saladas, se encuentran en la fecha,&nbsp;en &#8220;Alerta amarilla&#8221; por registrarse &#8220;Temperaturas extremas&#8221;&nbsp;como consecuencia del fr\u00edo.<\/p>\n\n\n\n<p>Las recomendaciones para este tipo de eventos son indicadas por el Ministerio de Salud de la Provincia, como evitar exponerse por tiempo prolongado a las bajas temperaturas, abrigarse con muchas capas de ropa liviana, generar m\u00e1s calor corporal mediante el movimiento, mantener la casa calefaccionada de forma segura, evitar los cambios bruscos de temperatura, tomar mucho l\u00edquido y evitar el consumo de bebidas alcoh\u00f3licas.<\/p>\n\n\n\n<p>En caso de verse afectado por el frio, no auto medicarse, consultar con un m\u00e9dico o dirigirse al centro de salud m\u00e1s cercano. De tener medicaci\u00f3n recetada, mantener el plan de acci\u00f3n actualizado.<\/p>\n\n\n\n<p>No fumar en ambientes cerrados y prestar especial atenci\u00f3n a los ni\u00f1os y ni\u00f1as, a las personas mayores y aquellas enfermedades cr\u00f3nicas.<\/p>\n\n\n\n<figure class=\"wp-block-image size-large\"><img loading=\"lazy\" decoding=\"async\" width=\"791\" height=\"1024\" src=\"https:\/\/corrientesdetarde.com\/wp-content\/uploads\/2024\/05\/image-328-791x1024.png\" alt=\"\" class=\"wp-image-147639\" srcset=\"https:\/\/corrientesdetarde.com\/wp-content\/uploads\/2024\/05\/image-328-791x1024.png 791w, https:\/\/corrientesdetarde.com\/wp-content\/uploads\/2024\/05\/image-328-232x300.png 232w, https:\/\/corrientesdetarde.com\/wp-content\/uploads\/2024\/05\/image-328-768x994.png 768w, https:\/\/corrientesdetarde.com\/wp-content\/uploads\/2024\/05\/image-328.png 816w\" sizes=\"auto, (max-width: 791px) 100vw, 791px\" \/><\/figure>\n","protected":false},"excerpt":{"rendered":"<p>Desde el Comando Operativo de Emergencias (COE) advierten que, los departamentos&nbsp;Capital, San Cosme, Empedrado, Itat\u00ed, Ber\u00f3n de Astrada, General Paz, Mburucuy\u00e1, San Luis del Palmar y Saladas, se encuentran en&hellip; <\/p>\n","protected":false},"author":8,"featured_media":147640,"comment_status":"closed","ping_status":"open","sticky":false,"template":"","format":"standard","meta":{"footnotes":""},"categories":[29],"tags":[],"class_list":["post-147638","post","type-post","status-publish","format-standard","has-post-thumbnail","hentry","category-clima"],"_links":{"self":[{"href":"https:\/\/corrientesdetarde.com\/index.php\/wp-json\/wp\/v2\/posts\/147638","targetHints":{"allow":["GET"]}}],"collection":[{"href":"https:\/\/corrientesdetarde.com\/index.php\/wp-json\/wp\/v2\/posts"}],"about":[{"href":"https:\/\/corrientesdetarde.com\/index.php\/wp-json\/wp\/v2\/types\/post"}],"author":[{"embeddable":true,"href":"https:\/\/corrientesdetarde.com\/index.php\/wp-json\/wp\/v2\/users\/8"}],"replies":[{"embeddable":true,"href":"https:\/\/corrientesdetarde.com\/index.php\/wp-json\/wp\/v2\/comments?post=147638"}],"version-history":[{"count":1,"href":"https:\/\/corrientesdetarde.com\/index.php\/wp-json\/wp\/v2\/posts\/147638\/revisions"}],"predecessor-version":[{"id":147641,"href":"https:\/\/corrientesdetarde.com\/index.php\/wp-json\/wp\/v2\/posts\/147638\/revisions\/147641"}],"wp:featuredmedia":[{"embeddable":true,"href":"https:\/\/corrientesdetarde.com\/index.php\/wp-json\/wp\/v2\/media\/147640"}],"wp:attachment":[{"href":"https:\/\/corrientesdetarde.com\/index.php\/wp-json\/wp\/v2\/media?parent=147638"}],"wp:term":[{"taxonomy":"category","embeddable":true,"href":"https:\/\/corrientesdetarde.com\/index.php\/wp-json\/wp\/v2\/categories?post=147638"},{"taxonomy":"post_tag","embeddable":true,"href":"https:\/\/corrientesdetarde.com\/index.php\/wp-json\/wp\/v2\/tags?post=147638"}],"curies":[{"name":"wp","href":"https:\/\/api.w.org\/{rel}","templated":true}]}}