{"id":147642,"date":"2024-05-15T13:48:26","date_gmt":"2024-05-15T16:48:26","guid":{"rendered":"https:\/\/corrientesdetarde.com\/?p=147642"},"modified":"2024-05-15T13:48:37","modified_gmt":"2024-05-15T16:48:37","slug":"desarrollo-social-realizara-taller-de-cocina-sin-gluten","status":"publish","type":"post","link":"https:\/\/corrientesdetarde.com\/index.php\/sociales\/desarrollo-social-realizara-taller-de-cocina-sin-gluten\/","title":{"rendered":"Desarrollo Social realizar\u00e1 Taller de Cocina sin Gluten"},"content":{"rendered":"\n<p>En el marco del mes de la Celiaqu\u00eda, el Ministerio de Desarrollo Social de la Provincia, &nbsp;realizar\u00e1 este jueves 16 de mayo, un Taller de Cocina sin gluten, en la Casa Paraguaya de Capital, ubicada en Avenida Armenia 2927, a partir de las 10.<\/p>\n\n\n\n<p>La actividad es organizada por la Direcci\u00f3n &nbsp;de Seguridad Alimentaria del Ministerio, a trav\u00e9s del Programa de Apoyo Nutricional a las Personas Cel\u00edacas.<\/p>\n\n\n\n<p>Durante el mismo se brindar\u00e1 una charla informativa sobre la enfermedad y se elaborar\u00e1n recetas de comidas sin gluten, a trav\u00e9s de una clase pr\u00e1ctica en la que se explicar\u00e1 paso a paso la preparaci\u00f3n, y luego se degustar\u00e1.<\/p>\n\n\n\n<p>El objetivo del Taller es que las familias que forman parte del Programa de Cel\u00edacos, puedan aprender las t\u00e9cnicas y recetas de cocina, optimizando los recursos que forman parte del m\u00f3dulo que mensualmente distribuye el Gobierno Provincial.<\/p>\n\n\n\n<p>Se invita por este medio al p\u00fablico en general que quiera conocer acerca de esta enfermedad y como elaborar alimentos con recetas sin gluten.<\/p>\n\n\n\n<figure class=\"wp-block-image size-large\"><img loading=\"lazy\" decoding=\"async\" width=\"768\" height=\"1024\" src=\"https:\/\/corrientesdetarde.com\/wp-content\/uploads\/2024\/05\/image-329-768x1024.png\" alt=\"\" class=\"wp-image-147643\" srcset=\"https:\/\/corrientesdetarde.com\/wp-content\/uploads\/2024\/05\/image-329-768x1024.png 768w, https:\/\/corrientesdetarde.com\/wp-content\/uploads\/2024\/05\/image-329-225x300.png 225w, https:\/\/corrientesdetarde.com\/wp-content\/uploads\/2024\/05\/image-329.png 960w\" sizes=\"auto, (max-width: 768px) 100vw, 768px\" \/><\/figure>\n","protected":false},"excerpt":{"rendered":"<p>En el marco del mes de la Celiaqu\u00eda, el Ministerio de Desarrollo Social de la Provincia, &nbsp;realizar\u00e1 este jueves 16 de mayo, un Taller de Cocina sin gluten, en la&hellip; <\/p>\n","protected":false},"author":8,"featured_media":147644,"comment_status":"closed","ping_status":"open","sticky":false,"template":"","format":"standard","meta":{"footnotes":""},"categories":[17],"tags":[],"class_list":["post-147642","post","type-post","status-publish","format-standard","has-post-thumbnail","hentry","category-sociales"],"_links":{"self":[{"href":"https:\/\/corrientesdetarde.com\/index.php\/wp-json\/wp\/v2\/posts\/147642","targetHints":{"allow":["GET"]}}],"collection":[{"href":"https:\/\/corrientesdetarde.com\/index.php\/wp-json\/wp\/v2\/posts"}],"about":[{"href":"https:\/\/corrientesdetarde.com\/index.php\/wp-json\/wp\/v2\/types\/post"}],"author":[{"embeddable":true,"href":"https:\/\/corrientesdetarde.com\/index.php\/wp-json\/wp\/v2\/users\/8"}],"replies":[{"embeddable":true,"href":"https:\/\/corrientesdetarde.com\/index.php\/wp-json\/wp\/v2\/comments?post=147642"}],"version-history":[{"count":1,"href":"https:\/\/corrientesdetarde.com\/index.php\/wp-json\/wp\/v2\/posts\/147642\/revisions"}],"predecessor-version":[{"id":147645,"href":"https:\/\/corrientesdetarde.com\/index.php\/wp-json\/wp\/v2\/posts\/147642\/revisions\/147645"}],"wp:featuredmedia":[{"embeddable":true,"href":"https:\/\/corrientesdetarde.com\/index.php\/wp-json\/wp\/v2\/media\/147644"}],"wp:attachment":[{"href":"https:\/\/corrientesdetarde.com\/index.php\/wp-json\/wp\/v2\/media?parent=147642"}],"wp:term":[{"taxonomy":"category","embeddable":true,"href":"https:\/\/corrientesdetarde.com\/index.php\/wp-json\/wp\/v2\/categories?post=147642"},{"taxonomy":"post_tag","embeddable":true,"href":"https:\/\/corrientesdetarde.com\/index.php\/wp-json\/wp\/v2\/tags?post=147642"}],"curies":[{"name":"wp","href":"https:\/\/api.w.org\/{rel}","templated":true}]}}