{"id":147657,"date":"2024-05-15T13:57:57","date_gmt":"2024-05-15T16:57:57","guid":{"rendered":"https:\/\/corrientesdetarde.com\/?p=147657"},"modified":"2024-05-15T13:58:09","modified_gmt":"2024-05-15T16:58:09","slug":"el-arte-de-los-estudiantes-rindio-homenaje-a-la-ciudad","status":"publish","type":"post","link":"https:\/\/corrientesdetarde.com\/index.php\/educacion\/el-arte-de-los-estudiantes-rindio-homenaje-a-la-ciudad\/","title":{"rendered":"El arte de los estudiantes rindi\u00f3 homenaje a la ciudad"},"content":{"rendered":"\n<p><em>El intendente visit\u00f3 la muestra art\u00edstica de alumnos de m\u00e1s de diez colegios y centros culturales de Corrientes, organizada entre el Municipio y el Ministerio de Educaci\u00f3n de la Provincia. Danza, teatro, artes visuales, musicales y expo de pintura complementaron la propuesta de homenaje por el Mes de Corrientes, postergadas en su momento.<\/em><\/p>\n\n\n\n<p>En la ma\u00f1ana de este mi\u00e9rcoles, el intendente Eduardo Tassano recorri\u00f3 una muestra art\u00edstica en plaza La Cruz, desarrollada de manera conjunta entre la Municipalidad y el Ministerio de Educaci\u00f3n de la Provincia en el marco de los festejos por el Mes de Corrientes.<br>En la ocasi\u00f3n, alumnos y alumnas de una docena de colegios de la ciudad y centros culturales presentaron n\u00fameros de danza, teatro, artes visuales y musicales. Tambi\u00e9n hubo muestra de dibujo y pintura.<br>Adem\u00e1s de Tassano, estuvo el viceintendente Emilio Lanari y funcionarios de Educaci\u00f3n y del Municipio.<br>\u00a0<br>ARTICULACI\u00d3N CON PROVINCIA<br>\u201cEstamos ante la actuaci\u00f3n de promesas de artistas de primer nivel\u201d, expres\u00f3 el intendente al presenciar la jornada que tuvo lugar en la plaza La Cruz y en ese sentido destac\u00f3 \u201cel gran trabajo que se da en articulaci\u00f3n con el Ministerio de Educaci\u00f3n\u201d.<br>\u201cApostamos a la cultura e historia de nuestra ciudad\u201d, cerr\u00f3.<br>\u00a0<br>APUESTA AL ARTE<br>El secretario de Cultura y Educaci\u00f3n del Municipio, Jos\u00e9 Sand destac\u00f3 la muestra art\u00edstica que dieron los alumnos de los diferentes establecimientos de la ciudad. \u201cTenemos un rol por parte del Municipio en coordinaci\u00f3n con la Provincia\u201d, indic\u00f3 y agreg\u00f3: \u201cEstas actividades son fundamental para fortalecer a los futuros artistas\u201d.<br>\u00a0<a href=\"https:\/\/www.youtube.com\/watch?v=0owN_B8uFIw&amp;feature=youtu.be\">https:\/\/www.youtube.com\/watch?v=0owN_B8uFIw&amp;feature=youtu.be<\/a><\/p>\n\n\n\n<figure class=\"wp-block-image size-large\"><img loading=\"lazy\" decoding=\"async\" width=\"1024\" height=\"682\" src=\"https:\/\/corrientesdetarde.com\/wp-content\/uploads\/2024\/05\/image-339-1024x682.png\" alt=\"\" class=\"wp-image-147659\" srcset=\"https:\/\/corrientesdetarde.com\/wp-content\/uploads\/2024\/05\/image-339-1024x682.png 1024w, https:\/\/corrientesdetarde.com\/wp-content\/uploads\/2024\/05\/image-339-300x200.png 300w, https:\/\/corrientesdetarde.com\/wp-content\/uploads\/2024\/05\/image-339-768x512.png 768w, https:\/\/corrientesdetarde.com\/wp-content\/uploads\/2024\/05\/image-339.png 1280w\" sizes=\"auto, (max-width: 1024px) 100vw, 1024px\" \/><\/figure>\n\n\n\n<figure class=\"wp-block-image size-large\"><img loading=\"lazy\" decoding=\"async\" width=\"1024\" height=\"682\" src=\"https:\/\/corrientesdetarde.com\/wp-content\/uploads\/2024\/05\/image-340-1024x682.png\" alt=\"\" class=\"wp-image-147660\" srcset=\"https:\/\/corrientesdetarde.com\/wp-content\/uploads\/2024\/05\/image-340-1024x682.png 1024w, https:\/\/corrientesdetarde.com\/wp-content\/uploads\/2024\/05\/image-340-300x200.png 300w, https:\/\/corrientesdetarde.com\/wp-content\/uploads\/2024\/05\/image-340-768x512.png 768w, https:\/\/corrientesdetarde.com\/wp-content\/uploads\/2024\/05\/image-340.png 1280w\" sizes=\"auto, (max-width: 1024px) 100vw, 1024px\" \/><\/figure>\n\n\n\n<figure class=\"wp-block-image size-large\"><img loading=\"lazy\" decoding=\"async\" width=\"1024\" height=\"682\" src=\"https:\/\/corrientesdetarde.com\/wp-content\/uploads\/2024\/05\/image-341-1024x682.png\" alt=\"\" class=\"wp-image-147661\" srcset=\"https:\/\/corrientesdetarde.com\/wp-content\/uploads\/2024\/05\/image-341-1024x682.png 1024w, https:\/\/corrientesdetarde.com\/wp-content\/uploads\/2024\/05\/image-341-300x200.png 300w, https:\/\/corrientesdetarde.com\/wp-content\/uploads\/2024\/05\/image-341-768x512.png 768w, https:\/\/corrientesdetarde.com\/wp-content\/uploads\/2024\/05\/image-341.png 1280w\" sizes=\"auto, (max-width: 1024px) 100vw, 1024px\" \/><\/figure>\n\n\n\n<figure class=\"wp-block-image size-large\"><img loading=\"lazy\" decoding=\"async\" width=\"1024\" height=\"682\" src=\"https:\/\/corrientesdetarde.com\/wp-content\/uploads\/2024\/05\/image-342-1024x682.png\" alt=\"\" class=\"wp-image-147662\" srcset=\"https:\/\/corrientesdetarde.com\/wp-content\/uploads\/2024\/05\/image-342-1024x682.png 1024w, https:\/\/corrientesdetarde.com\/wp-content\/uploads\/2024\/05\/image-342-300x200.png 300w, https:\/\/corrientesdetarde.com\/wp-content\/uploads\/2024\/05\/image-342-768x512.png 768w, https:\/\/corrientesdetarde.com\/wp-content\/uploads\/2024\/05\/image-342.png 1280w\" sizes=\"auto, (max-width: 1024px) 100vw, 1024px\" \/><\/figure>\n\n\n\n<figure class=\"wp-block-image size-large\"><img loading=\"lazy\" decoding=\"async\" width=\"1024\" height=\"682\" src=\"https:\/\/corrientesdetarde.com\/wp-content\/uploads\/2024\/05\/image-343-1024x682.png\" alt=\"\" class=\"wp-image-147663\" srcset=\"https:\/\/corrientesdetarde.com\/wp-content\/uploads\/2024\/05\/image-343-1024x682.png 1024w, https:\/\/corrientesdetarde.com\/wp-content\/uploads\/2024\/05\/image-343-300x200.png 300w, https:\/\/corrientesdetarde.com\/wp-content\/uploads\/2024\/05\/image-343-768x512.png 768w, https:\/\/corrientesdetarde.com\/wp-content\/uploads\/2024\/05\/image-343.png 1280w\" sizes=\"auto, (max-width: 1024px) 100vw, 1024px\" \/><\/figure>\n","protected":false},"excerpt":{"rendered":"<p>El intendente visit\u00f3 la muestra art\u00edstica de alumnos de m\u00e1s de diez colegios y centros culturales de Corrientes, organizada entre el Municipio y el Ministerio de Educaci\u00f3n de la Provincia.&hellip; <\/p>\n","protected":false},"author":8,"featured_media":147658,"comment_status":"closed","ping_status":"open","sticky":false,"template":"","format":"standard","meta":{"footnotes":""},"categories":[32],"tags":[],"class_list":["post-147657","post","type-post","status-publish","format-standard","has-post-thumbnail","hentry","category-educacion"],"_links":{"self":[{"href":"https:\/\/corrientesdetarde.com\/index.php\/wp-json\/wp\/v2\/posts\/147657","targetHints":{"allow":["GET"]}}],"collection":[{"href":"https:\/\/corrientesdetarde.com\/index.php\/wp-json\/wp\/v2\/posts"}],"about":[{"href":"https:\/\/corrientesdetarde.com\/index.php\/wp-json\/wp\/v2\/types\/post"}],"author":[{"embeddable":true,"href":"https:\/\/corrientesdetarde.com\/index.php\/wp-json\/wp\/v2\/users\/8"}],"replies":[{"embeddable":true,"href":"https:\/\/corrientesdetarde.com\/index.php\/wp-json\/wp\/v2\/comments?post=147657"}],"version-history":[{"count":1,"href":"https:\/\/corrientesdetarde.com\/index.php\/wp-json\/wp\/v2\/posts\/147657\/revisions"}],"predecessor-version":[{"id":147664,"href":"https:\/\/corrientesdetarde.com\/index.php\/wp-json\/wp\/v2\/posts\/147657\/revisions\/147664"}],"wp:featuredmedia":[{"embeddable":true,"href":"https:\/\/corrientesdetarde.com\/index.php\/wp-json\/wp\/v2\/media\/147658"}],"wp:attachment":[{"href":"https:\/\/corrientesdetarde.com\/index.php\/wp-json\/wp\/v2\/media?parent=147657"}],"wp:term":[{"taxonomy":"category","embeddable":true,"href":"https:\/\/corrientesdetarde.com\/index.php\/wp-json\/wp\/v2\/categories?post=147657"},{"taxonomy":"post_tag","embeddable":true,"href":"https:\/\/corrientesdetarde.com\/index.php\/wp-json\/wp\/v2\/tags?post=147657"}],"curies":[{"name":"wp","href":"https:\/\/api.w.org\/{rel}","templated":true}]}}