{"id":147693,"date":"2024-05-15T15:01:17","date_gmt":"2024-05-15T18:01:17","guid":{"rendered":"https:\/\/corrientesdetarde.com\/?p=147693"},"modified":"2024-05-15T15:01:21","modified_gmt":"2024-05-15T18:01:21","slug":"feid-y-yandel-daban-un-show-gratis-desde-un-yate-en-miami-pero-duro-solo-un-minuto-lo-paro-la-policia","status":"publish","type":"post","link":"https:\/\/corrientesdetarde.com\/index.php\/espectaculos\/feid-y-yandel-daban-un-show-gratis-desde-un-yate-en-miami-pero-duro-solo-un-minuto-lo-paro-la-policia\/","title":{"rendered":"Feid y Yandel daban un show gratis desde un yate en Miami pero dur\u00f3 solo un minuto: lo par\u00f3 la polic\u00eda"},"content":{"rendered":"\n<p>Convocaron a los fans por las redes sociales pero el evento se les fue de las manos.<\/p>\n\n\n\n<p>Un show gratuito tuvo que ser suspendido<\/p>\n\n\n\n<p>El mes pasado,\u00a0Feid (Ferxxo) lanz\u00f3 el tema<strong>\u00a0\u201cBrickell\u201d<\/strong>\u00a0con el cantante puertorrique\u00f1o<strong>\u00a0Yandel.<\/strong>\u00a0Cuenta la historia de un amor perdido con quien el cantante colombiano comparti\u00f3 recuerdos en el elegante distrito financiero de Miami.<\/p>\n\n\n\n<p>Los artistas pensaron que era una gran idea regalarles a sus fans&nbsp;<strong>un show gratis desde el r\u00edo de la ciudad junto a Icon Brickell<\/strong>&nbsp;y aprovechar para presentar en vivo su nuevo EP colaborativo&nbsp;<strong>\u201cManifesting 20-05\u2033<\/strong>.Feid public\u00f3 una historia de Instagram invitando a los seguidores a verlos, en alg\u00fan momento<strong>&nbsp;entre las 5:30 y las 6 de la tarde,&nbsp;<\/strong>por cierto, hora pico para Miami.<\/p>\n\n\n\n<figure class=\"wp-block-image\"><img decoding=\"async\" src=\"https:\/\/tn.com.ar\/resizer\/e2jrS-xfk4gndefTYaVy18hx_6k=\/767x0\/smart\/filters:format(webp)\/thumbs.vodgc.net\/1-398-2I0GYf1715794950865_720P.jpg\" alt=\"Video Placeholder\"\/><\/figure>\n\n\n\n<p>El d\u00fao se subi\u00f3 al lujo yate y arranc\u00f3 la fiesta mientras navegaban. Miles de fan\u00e1ticos se alinearon en el lado norte de Icon, extendi\u00e9ndose hacia el puente de Brickell Avenue y el Miami Riverwalk. Fue tal el aluvi\u00f3n de personas que provoc\u00f3 un caos total de tr\u00e1fico acu\u00e1tico, en una zona ya de por s\u00ed complicada.<\/p>\n\n\n\n<p>El concierto dur\u00f3 poco m\u00e1s de un minuto, hasta que varios efectivos de MPD (Departamento de Polic\u00eda de Miami), subi\u00f3 a bordo del yate y par\u00f3 el espect\u00e1culo que estaba descontrolando las calles.<\/p>\n\n\n\n<figure class=\"wp-block-image\"><img decoding=\"async\" src=\"https:\/\/tn.com.ar\/resizer\/56A-8TE4PE--YMQp8WpUNEI86-0=\/767x0\/smart\/filters:format(webp)\/thumbs.vodgc.net\/1-398-LsG24W1715794114058_480P.jpg\" alt=\"Video Placeholder\"\/><\/figure>\n\n\n\n<p>Feid reaccion\u00f3 con calma, mostr\u00f3 el entusiasmo que los fan\u00e1ticos ten\u00edan en sus historias de Instagram y agradeci\u00f3 a todos los que se acercaron.<\/p>\n\n\n\n<p>Andy Mart\u00ednez, m\u00e1nager de Yandel, aclar\u00f3 que<strong>&nbsp;contaban con la autorizaci\u00f3n correspondiente de la Guardia Costera,<\/strong>&nbsp;pero las condiciones del tr\u00e1fico y la presencia masiva de fans obligaron a interrumpir el concierto antes de lo previsto.<\/p>\n\n\n\n<p><strong>\u201cEl momento m\u00e1s humilde de Fercho y Yandel en Miami!!!\u201d, \u201cArrestados por tener demasiado flow\u201d, \u201cAnuel los mando\u201d,<\/strong>&nbsp;\u201cAmo como Yandel sigue como si nada \u00eddolo\u201d, \u201cEran demasiado ambiente y los poli no soportaron\u201d, \u201cSegurito los polic\u00edas son fans de Anuel y no soportaron\u201d, son algunas de la reaccione de los fans en los videos del incidentado show.<\/p>\n\n\n\n<figure class=\"wp-block-image\"><img decoding=\"async\" src=\"https:\/\/tn.com.ar\/resizer\/GQEmaoAAUrsSt8oXfXsr66r91Wo=\/767x0\/smart\/filters:format(webp)\/thumbs.vodgc.net\/1-398-cMa2Zf1715794424855_480P.jpg\" alt=\"Video Placeholder\"\/><\/figure>\n\n\n\n<p>Los fans se comportaron tranquilamente, pero el tema fue una pesadilla para la Guardia Costera: el tr\u00e1fico de embarcaciones era muy elevado y<strong>&nbsp;los puentes tuvieron que ser levantados durante un tiempo prolongado.<\/strong><\/p>\n","protected":false},"excerpt":{"rendered":"<p>Convocaron a los fans por las redes sociales pero el evento se les fue de las manos. Un show gratuito tuvo que ser suspendido El mes pasado,\u00a0Feid (Ferxxo) lanz\u00f3 el&hellip; <\/p>\n","protected":false},"author":8,"featured_media":147694,"comment_status":"closed","ping_status":"open","sticky":false,"template":"","format":"standard","meta":{"footnotes":""},"categories":[19],"tags":[],"class_list":["post-147693","post","type-post","status-publish","format-standard","has-post-thumbnail","hentry","category-espectaculos"],"_links":{"self":[{"href":"https:\/\/corrientesdetarde.com\/index.php\/wp-json\/wp\/v2\/posts\/147693","targetHints":{"allow":["GET"]}}],"collection":[{"href":"https:\/\/corrientesdetarde.com\/index.php\/wp-json\/wp\/v2\/posts"}],"about":[{"href":"https:\/\/corrientesdetarde.com\/index.php\/wp-json\/wp\/v2\/types\/post"}],"author":[{"embeddable":true,"href":"https:\/\/corrientesdetarde.com\/index.php\/wp-json\/wp\/v2\/users\/8"}],"replies":[{"embeddable":true,"href":"https:\/\/corrientesdetarde.com\/index.php\/wp-json\/wp\/v2\/comments?post=147693"}],"version-history":[{"count":1,"href":"https:\/\/corrientesdetarde.com\/index.php\/wp-json\/wp\/v2\/posts\/147693\/revisions"}],"predecessor-version":[{"id":147695,"href":"https:\/\/corrientesdetarde.com\/index.php\/wp-json\/wp\/v2\/posts\/147693\/revisions\/147695"}],"wp:featuredmedia":[{"embeddable":true,"href":"https:\/\/corrientesdetarde.com\/index.php\/wp-json\/wp\/v2\/media\/147694"}],"wp:attachment":[{"href":"https:\/\/corrientesdetarde.com\/index.php\/wp-json\/wp\/v2\/media?parent=147693"}],"wp:term":[{"taxonomy":"category","embeddable":true,"href":"https:\/\/corrientesdetarde.com\/index.php\/wp-json\/wp\/v2\/categories?post=147693"},{"taxonomy":"post_tag","embeddable":true,"href":"https:\/\/corrientesdetarde.com\/index.php\/wp-json\/wp\/v2\/tags?post=147693"}],"curies":[{"name":"wp","href":"https:\/\/api.w.org\/{rel}","templated":true}]}}