{"id":147696,"date":"2024-05-15T15:03:41","date_gmt":"2024-05-15T18:03:41","guid":{"rendered":"https:\/\/corrientesdetarde.com\/?p=147696"},"modified":"2024-05-15T15:03:53","modified_gmt":"2024-05-15T18:03:53","slug":"milei-nego-el-atraso-cambiario-y-adelanto-que-avanzara-en-un-esquema-de-competencia-de-monedas","status":"publish","type":"post","link":"https:\/\/corrientesdetarde.com\/index.php\/nacionales\/milei-nego-el-atraso-cambiario-y-adelanto-que-avanzara-en-un-esquema-de-competencia-de-monedas\/","title":{"rendered":"Milei neg\u00f3 el atraso cambiario y adelant\u00f3 que avanzar\u00e1 en un esquema de competencia de monedas"},"content":{"rendered":"\n<p>Durante un encuentro del Consejo Interamericano de Comercio y Producci\u00f3n, el Presidente defendi\u00f3 el rumbo de la econom\u00eda y se\u00f1al\u00f3: \u201cDevaluar aumentar\u00eda la cantidad de pobres\u201d.<\/p>\n\n\n\n<p>Este mediod\u00eda,\u00a0Javier Milei \u00a0dio un discurso en el hotel Alvear durante un encuentro del Consejo Interamericano de Comercio y Producci\u00f3n. All\u00ed<strong>\u00a0neg\u00f3 tajantemente que hubiera atraso cambiario.<\/strong>\u00a0\u201cMe parece relevante tener este debate. Desde mi punto de vista, lo que dicen la mayor\u00eda de los analistas est\u00e1 mal\u201d, asegur\u00f3 al comienzo.<\/p>\n\n\n\n<p>Tambi\u00e9n ponder\u00f3 la&nbsp;<strong>ca\u00edda de la inflaci\u00f3n<\/strong>&nbsp;y del riesgo pa\u00eds a ra\u00edz de \u201cun ajuste de 15 puntos del PBI\u201d: \u201cEstamos haciendo todo este proceso de estabilizaci\u00f3n con correcci\u00f3n de precios relativos\u201d, dijo.<\/p>\n\n\n\n<p>\u201cEstamos haciendo este proceso de desinflaci\u00f3n y estabilizaci\u00f3n. Es cierto que la tasa de inflaci\u00f3n fue 8,8%, pero estamos recomponiendo precios relativos. Cuando miran lo que est\u00e1 pasando en alimentos y bebidas, casi todos los indicadores est\u00e1n por debajo del 3%. Asi que<strong>&nbsp;s\u00ed, est\u00e1 ocurriendo<\/strong>\u201d, agreg\u00f3.<\/p>\n\n\n\n<p>En ese sentido, apunt\u00f3: \u201cPara los que la pifiaron es m\u00e1s f\u00e1cil decir que no hay plan de estabilizaci\u00f3n,&nbsp;<strong>si no hay plan \u00bfcreen que la inflaci\u00f3n baja de casualidad?&nbsp;<\/strong>Es verdaderamente insultante. Hoy vine un poco m\u00e1s sangriento que de costumbre\u201d.<\/p>\n\n\n\n<p>Asimismo, explic\u00f3 por qu\u00e9 considera que no hay atraso cambiario: \u201cTenemos&nbsp;<strong>un problema de infraestructura soft y hard.<\/strong>&nbsp;Estamos trabajando con el DNU, con la Ley de Bases, en lo que tiene que ver con la estructura soft. Y, a su vez, estamos buscando iniciativa privada para modificar la estructura hard\u201d.<\/p>\n\n\n\n<p>\u201cUna de las cosas que nos ponder\u00f3 el Fondo es que todos los d\u00edas levantamos restricciones en el mercado de cambios, pero no la vamos a hacer todas juntas\u201d, destac\u00f3.<\/p>\n\n\n\n<figure class=\"wp-block-image\"><img decoding=\"async\" src=\"https:\/\/tn.com.ar\/resizer\/f-IE4MkfHnFm673iA8EcR8JJsSM=\/767x0\/smart\/filters:format(webp)\/cloudfront-us-east-1.images.arcpublishing.com\/artear\/V7NENNRBDREYBAWIOFNKESVGKY.jpg\" alt=\"El presidente Javier Milei durante \nel almuerzo del CICyP. (Foto: NA)\"\/><\/figure>\n\n\n\n<p>El Presidente, adem\u00e1s, advirti\u00f3:&nbsp;<strong>\u201cEstamos muy cerca de levantar el cepo.&nbsp;<\/strong>Por un lado, miramos la base monetaria que tendr\u00eda que estar entorno a 9% del PBI y cuando tomamos los remunerados, estamos a 8,5%, por ende estamos en zona de poder abrir. Estamos calzando el flujo de fondos de divisas, cuando resolvamos el problema de los pasivos remunerados, de los puts y arreglando el problema de los dividendos, vamos a abrirlo\u201d.<\/p>\n\n\n\n<p>\u201cEst\u00e1 en nuestros planes lo m\u00e1s r\u00e1pido posible, pero \u00bfpor qu\u00e9 no lo hicimos todav\u00eda? Porque lo hacemos a mercado. Significa que&nbsp;<strong>se determina por la voluntad de los individuos, no lo hacemos de prepo<\/strong>. Es algo de este Gobierno, que respeta a rajatabla los derechos de propiedad\u201d, remarc\u00f3.<\/p>\n\n\n\n<p>Por otro lado, adelant\u00f3 que avanzar\u00e1 en un&nbsp;<strong>esquema de competencia de monedas:<\/strong>&nbsp;\u201cEn la medida en que la economia se expanda y el sendero de consumo se haga m\u00e1s grande, eso va a incrementar la demanda de dinero. Como nosotros no ponemos pesos en la econom\u00eda, entonces se va a empezar a monetizar end\u00f3genamente por los propios individuos, poniendo m\u00e1s d\u00f3lares adentro de la econom\u00eda o la moneda que se les d\u00e9 la gana.&nbsp;<strong>El peso va a quedar fijo y van a competir las diferentes monedas\u201d.<\/strong><\/p>\n\n\n\n<p>Para Milei, el esquema de libre competencia de monedas dejar\u00eda el camino allanado para implementar la dolarizaci\u00f3n: \u201cCuando ustedes se den cuenta, va a ser tan chica la cantidad de pesos, que podr\u00e9&nbsp;<strong>dolarizar la econom\u00eda, eliminar el BCRA<\/strong>&nbsp;y se terminar\u00e1 la posibilidad de que cualquier pol\u00edtico corrupto vuelva a robarles con el impuesto\u201d.<\/p>\n","protected":false},"excerpt":{"rendered":"<p>Durante un encuentro del Consejo Interamericano de Comercio y Producci\u00f3n, el Presidente defendi\u00f3 el rumbo de la econom\u00eda y se\u00f1al\u00f3: \u201cDevaluar aumentar\u00eda la cantidad de pobres\u201d. Este mediod\u00eda,\u00a0Javier Milei \u00a0dio&hellip; <\/p>\n","protected":false},"author":8,"featured_media":147697,"comment_status":"closed","ping_status":"open","sticky":false,"template":"","format":"standard","meta":{"footnotes":""},"categories":[10],"tags":[],"class_list":["post-147696","post","type-post","status-publish","format-standard","has-post-thumbnail","hentry","category-nacionales"],"_links":{"self":[{"href":"https:\/\/corrientesdetarde.com\/index.php\/wp-json\/wp\/v2\/posts\/147696","targetHints":{"allow":["GET"]}}],"collection":[{"href":"https:\/\/corrientesdetarde.com\/index.php\/wp-json\/wp\/v2\/posts"}],"about":[{"href":"https:\/\/corrientesdetarde.com\/index.php\/wp-json\/wp\/v2\/types\/post"}],"author":[{"embeddable":true,"href":"https:\/\/corrientesdetarde.com\/index.php\/wp-json\/wp\/v2\/users\/8"}],"replies":[{"embeddable":true,"href":"https:\/\/corrientesdetarde.com\/index.php\/wp-json\/wp\/v2\/comments?post=147696"}],"version-history":[{"count":1,"href":"https:\/\/corrientesdetarde.com\/index.php\/wp-json\/wp\/v2\/posts\/147696\/revisions"}],"predecessor-version":[{"id":147698,"href":"https:\/\/corrientesdetarde.com\/index.php\/wp-json\/wp\/v2\/posts\/147696\/revisions\/147698"}],"wp:featuredmedia":[{"embeddable":true,"href":"https:\/\/corrientesdetarde.com\/index.php\/wp-json\/wp\/v2\/media\/147697"}],"wp:attachment":[{"href":"https:\/\/corrientesdetarde.com\/index.php\/wp-json\/wp\/v2\/media?parent=147696"}],"wp:term":[{"taxonomy":"category","embeddable":true,"href":"https:\/\/corrientesdetarde.com\/index.php\/wp-json\/wp\/v2\/categories?post=147696"},{"taxonomy":"post_tag","embeddable":true,"href":"https:\/\/corrientesdetarde.com\/index.php\/wp-json\/wp\/v2\/tags?post=147696"}],"curies":[{"name":"wp","href":"https:\/\/api.w.org\/{rel}","templated":true}]}}