{"id":147713,"date":"2024-05-15T15:33:00","date_gmt":"2024-05-15T18:33:00","guid":{"rendered":"https:\/\/corrientesdetarde.com\/?p=147713"},"modified":"2024-05-15T15:33:12","modified_gmt":"2024-05-15T18:33:12","slug":"corrientes-presente-en-el-encuentro-del-conicet-y-ministerios-de-salud","status":"publish","type":"post","link":"https:\/\/corrientesdetarde.com\/index.php\/bienestar-y-salud\/corrientes-presente-en-el-encuentro-del-conicet-y-ministerios-de-salud\/","title":{"rendered":"Corrientes presente en el encuentro del CONICET y ministerios de Salud"},"content":{"rendered":"\n<p><em>La actividad tuvo lugar en Resistencia y cont\u00f3 con la participaci\u00f3n de todas las provincias del NEA, NOA y regi\u00f3n Centro. En la ocasi\u00f3n, cada distrito comparti\u00f3 su experiencia en relaci\u00f3n al Dengue y enfermedades transmitidas por el vector aedes aegypti.<\/em><\/p>\n\n\n\n<p>El Ministerio de Salud P\u00fablica particip\u00f3 del Segundo encuentro de vinculaci\u00f3n cient\u00edfico-tecnol\u00f3gica de CONICET y Ministerios de Salud provinciales sobre Aedes aegypti y enfermedades transmitidas por el vector, que se llev\u00f3 a cabo en Resistencia, Chaco.<\/p>\n\n\n\n<p>El evento, tuvo lugar en el Centro Biotecnol\u00f3gico Agr\u00edcola Forestal del Chaco. Por Corrientes, particip\u00f3 todo el equipo de la Direcci\u00f3n General de Epidemiolog\u00eda; el director General de Gesti\u00f3n Hospitalaria, Mario Rodr\u00edguez; y el director de Investigaci\u00f3n del Ministerio de Salud P\u00fablica, Diego Farizano.<\/p>\n\n\n\n<p>Por Corrientes, disert\u00f3 la directora General de Epidemiolog\u00eda,&nbsp;Angelina Bobadilla, quien indic\u00f3: \u201cLa actividad se realiz\u00f3 en el marco del encuentro organizado por el CONICET, relacionado al vector aedes aegypti\u201d.<\/p>\n\n\n\n<p>\u201cFue un encuentro en donde se realiz\u00f3 la presentaci\u00f3n t\u00e9cnica de la situaci\u00f3n epidemiol\u00f3gica y las acciones que realiza cada una de las provincias del NEA, NOA y del centro del pa\u00eds\u201d, agreg\u00f3.<\/p>\n\n\n\n<p>La funcionaria indic\u00f3 que, en su exposici\u00f3n, \u201cpresentamos y compartimos con todo el auditorio las acciones desarrolladas en el marco del Plan Provincial de Lucha contra el Dengue que lleva adelante la Provincia de Corrientes\u201d.<\/p>\n\n\n\n<p>En esa l\u00ednea, explic\u00f3 que \u201cel NEA fue la regi\u00f3n que inici\u00f3 el brote que estamos a\u00fan transitando, luego continu\u00f3 el NOA, despu\u00e9s se sum\u00f3 centro del pa\u00eds y CABA y provincia de Buenos Aires y, en ese mismo orden, se est\u00e1 generando el descenso de casos actualmente\u201d.<\/p>\n\n\n\n<p>Dijo que todas \u201clas provincias del NEA tienen caracter\u00edsticas similares de brote, con el vector presente durante todo el a\u00f1o y con pocos d\u00edas de fr\u00edos. El brote lo tuvimos todo el a\u00f1o en el NEA, si bien el pico fue el a\u00f1o pasado en abril-mayo, pero se sostuvo a lo largo del tiempo y los mismo describen cada una de las provincias de la regi\u00f3n\u201d.<\/p>\n\n\n\n<p><img decoding=\"async\" src=\"https:\/\/cdn.corrientes.gob.ar\/assets\/image\/86730\/view\/dd400b2931f21587495756fdee9984909e8eba4d.webp?utm_source=sendinblue&amp;utm_campaign=Corrientes_presente%20en%20el%20encuentro%20del%20CONICET%20y%20ministerios%20de%20Salud&amp;utm_medium=email\"><\/p>\n","protected":false},"excerpt":{"rendered":"<p>La actividad tuvo lugar en Resistencia y cont\u00f3 con la participaci\u00f3n de todas las provincias del NEA, NOA y regi\u00f3n Centro. En la ocasi\u00f3n, cada distrito comparti\u00f3 su experiencia en&hellip; <\/p>\n","protected":false},"author":8,"featured_media":147714,"comment_status":"closed","ping_status":"open","sticky":false,"template":"","format":"standard","meta":{"footnotes":""},"categories":[16],"tags":[],"class_list":["post-147713","post","type-post","status-publish","format-standard","has-post-thumbnail","hentry","category-bienestar-y-salud"],"_links":{"self":[{"href":"https:\/\/corrientesdetarde.com\/index.php\/wp-json\/wp\/v2\/posts\/147713","targetHints":{"allow":["GET"]}}],"collection":[{"href":"https:\/\/corrientesdetarde.com\/index.php\/wp-json\/wp\/v2\/posts"}],"about":[{"href":"https:\/\/corrientesdetarde.com\/index.php\/wp-json\/wp\/v2\/types\/post"}],"author":[{"embeddable":true,"href":"https:\/\/corrientesdetarde.com\/index.php\/wp-json\/wp\/v2\/users\/8"}],"replies":[{"embeddable":true,"href":"https:\/\/corrientesdetarde.com\/index.php\/wp-json\/wp\/v2\/comments?post=147713"}],"version-history":[{"count":1,"href":"https:\/\/corrientesdetarde.com\/index.php\/wp-json\/wp\/v2\/posts\/147713\/revisions"}],"predecessor-version":[{"id":147715,"href":"https:\/\/corrientesdetarde.com\/index.php\/wp-json\/wp\/v2\/posts\/147713\/revisions\/147715"}],"wp:featuredmedia":[{"embeddable":true,"href":"https:\/\/corrientesdetarde.com\/index.php\/wp-json\/wp\/v2\/media\/147714"}],"wp:attachment":[{"href":"https:\/\/corrientesdetarde.com\/index.php\/wp-json\/wp\/v2\/media?parent=147713"}],"wp:term":[{"taxonomy":"category","embeddable":true,"href":"https:\/\/corrientesdetarde.com\/index.php\/wp-json\/wp\/v2\/categories?post=147713"},{"taxonomy":"post_tag","embeddable":true,"href":"https:\/\/corrientesdetarde.com\/index.php\/wp-json\/wp\/v2\/tags?post=147713"}],"curies":[{"name":"wp","href":"https:\/\/api.w.org\/{rel}","templated":true}]}}