{"id":147716,"date":"2024-05-15T15:36:38","date_gmt":"2024-05-15T18:36:38","guid":{"rendered":"https:\/\/corrientesdetarde.com\/?p=147716"},"modified":"2024-05-15T15:36:41","modified_gmt":"2024-05-15T18:36:41","slug":"la-uba-suspendio-la-emergencia-presupuestaria-tras-llegar-a-un-acuerdo-con-el-gobierno","status":"publish","type":"post","link":"https:\/\/corrientesdetarde.com\/index.php\/nacionales\/la-uba-suspendio-la-emergencia-presupuestaria-tras-llegar-a-un-acuerdo-con-el-gobierno\/","title":{"rendered":"La UBA suspendi\u00f3 la emergencia presupuestaria tras llegar a un acuerdo con el Gobierno"},"content":{"rendered":"\n<p>El Consejo Superior de la casa de estudios le puso fin a la medida dispuesta ante el congelamiento presupuestario que deriv\u00f3 en la masiva marcha del 23 de abril. Contin\u00faa el \u201cestado de alerta y profunda preocupaci\u00f3n en materia de recomposici\u00f3n salarial\u201d.<\/p>\n\n\n\n<p>El Consejo Superior de la<a href=\"https:\/\/tn.com.ar\/sociedad\/2024\/04\/10\/la-uba-mejoro-en-un-ranking-internacional-cuales-son-las-carreras-que-entraron-en-el-top-50-mundial\/\">\u00a0<\/a><strong>Universidad de Buenos Aires (UBA)<\/strong>, tras llegar a un acuerdo con el Gobierno, suspendi\u00f3 este mi\u00e9rcoles la  emergencia presupuestaria \u00a0declarada el pasado 10 de abril, d\u00edas antes de la masiva marcha en protesta a la gesti\u00f3n de<strong>\u00a0Javier Milei<\/strong>.<\/p>\n\n\n\n<p>\u201cEsto surge a partir del refuerzo que el Gobierno Nacional aprob\u00f3 hoy tras las negociaciones con las autoridades de la Universidad\u201d, expresaron las autoridades de la UBA mediante un comunicado. \u201cEste presupuesto est\u00e1 destinado exclusivamente al funcionamiento operativo de esta instituci\u00f3n. De todos modos, contin\u00faa la preocupaci\u00f3n por la cuesti\u00f3n salarial, investigaci\u00f3n e infraestructura\u201d, agregaron.<\/p>\n\n\n\n<p>Hace poco m\u00e1s de un mes, la casa de estudios se declar\u00f3 en emergencia presupuestariay decidi\u00f3<strong>&nbsp;restringir los servicios de luz y gas en los espacios comunes.<\/strong><\/p>\n\n\n\n<p>Las medidas se llevaron a cabo en reclamo ante la decisi\u00f3n del Gobierno de prorrogar los valores presupuestarios del a\u00f1o 2023 al 2024.<\/p>\n","protected":false},"excerpt":{"rendered":"<p>El Consejo Superior de la casa de estudios le puso fin a la medida dispuesta ante el congelamiento presupuestario que deriv\u00f3 en la masiva marcha del 23 de abril. Contin\u00faa&hellip; <\/p>\n","protected":false},"author":8,"featured_media":147717,"comment_status":"closed","ping_status":"open","sticky":false,"template":"","format":"standard","meta":{"footnotes":""},"categories":[10],"tags":[],"class_list":["post-147716","post","type-post","status-publish","format-standard","has-post-thumbnail","hentry","category-nacionales"],"_links":{"self":[{"href":"https:\/\/corrientesdetarde.com\/index.php\/wp-json\/wp\/v2\/posts\/147716","targetHints":{"allow":["GET"]}}],"collection":[{"href":"https:\/\/corrientesdetarde.com\/index.php\/wp-json\/wp\/v2\/posts"}],"about":[{"href":"https:\/\/corrientesdetarde.com\/index.php\/wp-json\/wp\/v2\/types\/post"}],"author":[{"embeddable":true,"href":"https:\/\/corrientesdetarde.com\/index.php\/wp-json\/wp\/v2\/users\/8"}],"replies":[{"embeddable":true,"href":"https:\/\/corrientesdetarde.com\/index.php\/wp-json\/wp\/v2\/comments?post=147716"}],"version-history":[{"count":1,"href":"https:\/\/corrientesdetarde.com\/index.php\/wp-json\/wp\/v2\/posts\/147716\/revisions"}],"predecessor-version":[{"id":147718,"href":"https:\/\/corrientesdetarde.com\/index.php\/wp-json\/wp\/v2\/posts\/147716\/revisions\/147718"}],"wp:featuredmedia":[{"embeddable":true,"href":"https:\/\/corrientesdetarde.com\/index.php\/wp-json\/wp\/v2\/media\/147717"}],"wp:attachment":[{"href":"https:\/\/corrientesdetarde.com\/index.php\/wp-json\/wp\/v2\/media?parent=147716"}],"wp:term":[{"taxonomy":"category","embeddable":true,"href":"https:\/\/corrientesdetarde.com\/index.php\/wp-json\/wp\/v2\/categories?post=147716"},{"taxonomy":"post_tag","embeddable":true,"href":"https:\/\/corrientesdetarde.com\/index.php\/wp-json\/wp\/v2\/tags?post=147716"}],"curies":[{"name":"wp","href":"https:\/\/api.w.org\/{rel}","templated":true}]}}