{"id":147741,"date":"2024-05-15T16:25:07","date_gmt":"2024-05-15T19:25:07","guid":{"rendered":"https:\/\/corrientesdetarde.com\/?p=147741"},"modified":"2024-05-15T16:25:21","modified_gmt":"2024-05-15T19:25:21","slug":"lionel-messi-no-jugara-el-clasico-del-inter-miami-ante-el-orlando-city-por-la-mls-los-motivos","status":"publish","type":"post","link":"https:\/\/corrientesdetarde.com\/index.php\/deportes\/lionel-messi-no-jugara-el-clasico-del-inter-miami-ante-el-orlando-city-por-la-mls-los-motivos\/","title":{"rendered":"Lionel Messi no jugar\u00e1 el cl\u00e1sico del Inter Miami ante el Orlando City por la MLS: los motivos"},"content":{"rendered":"\n<p>La Pulga sufri\u00f3 una dura patada durante el triunfo del s\u00e1bado contra el Montreal por el torneo local. \u201cTuvo que aplicarse hielo en la rodilla\u201d, admiti\u00f3 un colaborador del Tata Martino.<\/p>\n\n\n\n<p>Lionel Messi no jugar\u00e1 esta noche ante el\u00a0<strong>Orlando City<\/strong>\u00a0por la fecha 13 de la\u00a0<strong>MLS<\/strong>. El capit\u00e1n del\u00a0<strong>Inter Miami<\/strong>\u00a0sufri\u00f3 una dur\u00edsima patada en la pierna izquierda d\u00edas atr\u00e1s y\u00a0<strong>lo apartar\u00e1n por precauci\u00f3n<\/strong>: tiene una molestia en la rodilla, motivo por el que se ausentar\u00e1 para el cl\u00e1sico de la Florida.<\/p>\n\n\n\n<p>Leo qued\u00f3 tendido en el suelo por unos segundos tras el impacto de George Campbell y solicit\u00f3 la intervenci\u00f3n inmediata del equipo m\u00e9dico de las Garzas. Despu\u00e9s de ser atendido fuera del campo de juego, demostr\u00f3 su resistencia y complet\u00f3 todo el partido. Sin embargo, al finalizar el encuentro la Pulga tuvo que aplicarse hielo en la zona afectada para reducir el hinchaz\u00f3n y aliviar el dolor.<\/p>\n\n\n\n<figure class=\"wp-block-image\"><img decoding=\"async\" src=\"https:\/\/tn.com.ar\/resizer\/GBM-zHr5ac_OzBA7yGSjB2arCdY=\/767x0\/smart\/filters:format(webp)\/cloudfront-us-east-1.images.arcpublishing.com\/artear\/XYPUSSMXN5FXZFOGGLCO6PLPLA.jpg\" alt=\"La Pulga no jugar\u00e1 ante Orlando City. (Foto: Reuters).\"\/><\/figure>\n\n\n\n<p>\u201cAyer (por el lunes) entren\u00f3 con los chicos que hicieron regenerativo, con bici y un poquito de trote en el campo\u201d, reconoci\u00f3 Javier Morales, asistente del Tata Martino, previo al encuentro de este mi\u00e9rcoles y asegur\u00f3 que iban a evaluar al astro argentino.<\/p>\n\n\n\n<p>A pesar de que lo esper\u00f3 hasta \u00faltimo momento, el DT argentino decidi\u00f3 que no est\u00e9 ante el Orlando City por precauci\u00f3n y para que pueda recuperarse de la mejor manera ya que, seg\u00fan pudo averiguar\u00a0, a\u00fan le molestaba el golpe.<\/p>\n\n\n\n<h2 class=\"wp-block-heading\">C\u00f3mo formar\u00eda Inter Miami sin Lionel Messi vs. Orlando City<\/h2>\n\n\n\n<p>Drake Callender; Marcelo Weigandt, Sergey Kryvtsov, Nicol\u00e1s Freire, Franco Negri; Juli\u00e1n Gressel, Sergio Busquets, Benjam\u00edn Cremaschi, Mat\u00edas Rojas; Robert Taylor y Luis Su\u00e1rez. DT: Gerardo Martino.<\/p>\n\n\n\n<h2 class=\"wp-block-heading\">La probable formaci\u00f3n de Orlando City vs. Inter Miami<\/h2>\n\n\n\n<p>Pedro Gallese; David Brekalo, Wilder Cartagena, Robin Jansson; Iv\u00e1n Angulo, Mart\u00edn Ojeda, Cesar Araujo, Nicol\u00e1s Lodeiro, Facundo Torres; Luis Muriel y Duncan McGuire.&nbsp;<strong>DT:&nbsp;<\/strong>\u00d3scar Pareja.<\/p>\n\n\n\n<h2 class=\"wp-block-heading\">C\u00f3mo llega el Inter Miami al partido contra Orlando City<\/h2>\n\n\n\n<p>El Inter llega este compromiso luego de&nbsp;<strong>cinco victorias al hilo y domina la Conferencia Este con 27 unidades<\/strong>&nbsp;gracias a ocho triunfos, dos ca\u00eddas y tres empates.<\/p>\n\n\n\n<p>El uruguayo Luis Su\u00e1rez y el espa\u00f1ol Sergio Busquets ser\u00e1n titulares en el equipo dirigido por Gerardo \u201cTata\u201d Martino, mientras que Jordi Alba no estar\u00e1 presente, ya que se recupera de una lesi\u00f3n.<\/p>\n\n\n\n<h2 class=\"wp-block-heading\">C\u00f3mo est\u00e1 el historial entre Inter Miami y Orlando City<\/h2>\n\n\n\n<p>El historial del \u201ccl\u00e1sico del sol\u201d cuenta con&nbsp;<strong>14&nbsp;<\/strong>partidos, en los que registran&nbsp;<strong>cinco&nbsp;<\/strong>triunfos cada uno y&nbsp;<strong>cuatro<\/strong>&nbsp;igualdades, por la tanto, el ganador de este mi\u00e9rcoles pasar\u00e1 al frente en el dominio. La \u00faltima vez que se vieron las caras fue el 3 de febrero pasado con goleada 5 a 0 para las Garzas con dobletes de Messi y Su\u00e1rez y el tanto de Robert Taylor.<\/p>\n","protected":false},"excerpt":{"rendered":"<p>La Pulga sufri\u00f3 una dura patada durante el triunfo del s\u00e1bado contra el Montreal por el torneo local. \u201cTuvo que aplicarse hielo en la rodilla\u201d, admiti\u00f3 un colaborador del Tata&hellip; <\/p>\n","protected":false},"author":8,"featured_media":147742,"comment_status":"closed","ping_status":"open","sticky":false,"template":"","format":"standard","meta":{"footnotes":""},"categories":[4],"tags":[],"class_list":["post-147741","post","type-post","status-publish","format-standard","has-post-thumbnail","hentry","category-deportes"],"_links":{"self":[{"href":"https:\/\/corrientesdetarde.com\/index.php\/wp-json\/wp\/v2\/posts\/147741","targetHints":{"allow":["GET"]}}],"collection":[{"href":"https:\/\/corrientesdetarde.com\/index.php\/wp-json\/wp\/v2\/posts"}],"about":[{"href":"https:\/\/corrientesdetarde.com\/index.php\/wp-json\/wp\/v2\/types\/post"}],"author":[{"embeddable":true,"href":"https:\/\/corrientesdetarde.com\/index.php\/wp-json\/wp\/v2\/users\/8"}],"replies":[{"embeddable":true,"href":"https:\/\/corrientesdetarde.com\/index.php\/wp-json\/wp\/v2\/comments?post=147741"}],"version-history":[{"count":1,"href":"https:\/\/corrientesdetarde.com\/index.php\/wp-json\/wp\/v2\/posts\/147741\/revisions"}],"predecessor-version":[{"id":147743,"href":"https:\/\/corrientesdetarde.com\/index.php\/wp-json\/wp\/v2\/posts\/147741\/revisions\/147743"}],"wp:featuredmedia":[{"embeddable":true,"href":"https:\/\/corrientesdetarde.com\/index.php\/wp-json\/wp\/v2\/media\/147742"}],"wp:attachment":[{"href":"https:\/\/corrientesdetarde.com\/index.php\/wp-json\/wp\/v2\/media?parent=147741"}],"wp:term":[{"taxonomy":"category","embeddable":true,"href":"https:\/\/corrientesdetarde.com\/index.php\/wp-json\/wp\/v2\/categories?post=147741"},{"taxonomy":"post_tag","embeddable":true,"href":"https:\/\/corrientesdetarde.com\/index.php\/wp-json\/wp\/v2\/tags?post=147741"}],"curies":[{"name":"wp","href":"https:\/\/api.w.org\/{rel}","templated":true}]}}