{"id":147744,"date":"2024-05-15T16:30:11","date_gmt":"2024-05-15T19:30:11","guid":{"rendered":"https:\/\/corrientesdetarde.com\/?p=147744"},"modified":"2024-05-15T16:30:15","modified_gmt":"2024-05-15T19:30:15","slug":"la-peculiar-defensa-de-javier-milei-a-luis-caputo-por-su-plan-economico-es-un-chanchito-de-yeso","status":"publish","type":"post","link":"https:\/\/corrientesdetarde.com\/index.php\/economia\/la-peculiar-defensa-de-javier-milei-a-luis-caputo-por-su-plan-economico-es-un-chanchito-de-yeso\/","title":{"rendered":"La peculiar defensa de Javier Milei a Luis Caputo por su plan econ\u00f3mico: \u201cEs un chanchito de yeso\u201d"},"content":{"rendered":"\n<p>El presidente disert\u00f3 ante un grupo de empresarios. Dijo que en la actualidad \u201cno hay atraso cambiario\u201d y elogi\u00f3 al ministro de Econom\u00eda: \u201c\u00c9l es irrompible y si alguien quiere romperlo, primero me va a tener que romper a m\u00ed\u201d.<\/p>\n\n\n\n<p>Este mi\u00e9rcoles, el Presidente\u00a0Javier Milei dio un discurso en el hotel Alvear en el marco del Consejo Interamericano de Comercio y Producci\u00f3n, y defendi\u00f3 al ministro de Econom\u00eda,\u00a0<strong>Luis \u201cToto\u201d Caputo<\/strong>. \u201dA Toto hay que llamarlo chanchito de yeso porque<strong>\u00a0para sacarle un mango hay que romperlo todo<\/strong>\u201d, expres\u00f3 el mandatario.<\/p>\n\n\n\n<p>\u201cLa convalidaci\u00f3n monetaria no se dio porque decidimos<strong>&nbsp;frenar la emisi\u00f3n<\/strong>, pararnos arriba de gasto p\u00fablico y hacer el&nbsp;<strong>ajuste fiscal&nbsp;<\/strong>m\u00e1s grande de toda la humanidad, cosa que reconocen en todo el mundo menos ac\u00e1\u201d, dijo Milei a los empresarios que participaron del evento.<\/p>\n\n\n\n<p>Respecto del recorte del gasto, el Presidente enfatiz\u00f3 que \u201ccuando la licuadora se convierte en algo permanente, es<strong>&nbsp;motosierra<\/strong>\u201d. Adem\u00e1s, aprovech\u00f3 para elogiar al titular del Palacio de Hacienda:<strong>&nbsp;\u201c<\/strong>A Toto lo voy a llamar chanchito de yeso porque para sacarle un mango hay que romperlo todo. \u00c9l es irrompible y si alguien quiere romperlo,&nbsp;<strong>primero me va a tener que romper a m\u00ed<\/strong>\u201d.<\/p>\n\n\n\n<figure class=\"wp-block-image\"><img decoding=\"async\" src=\"https:\/\/tn.com.ar\/resizer\/MnX8uVk6YIw1q0hiFkIiyoZuOrw=\/767x0\/smart\/filters:format(webp)\/cloudfront-us-east-1.images.arcpublishing.com\/artear\/RODYUI4SLZAXZDYUJ6RJB37KIA.jpg\" alt=\"El ministro de Econom\u00eda, Luis Caputo. (Foto: NA)\"\/><\/figure>\n\n\n\n<p>Durante la conferencia, Milei&nbsp;<strong>neg\u00f3 tajantemente que hubiera atraso cambiario.<\/strong>&nbsp;\u201cMe parece relevante tener este debate. Desde mi punto de vista, lo que dicen la mayor\u00eda de los analistas est\u00e1 mal\u201d, asegur\u00f3.<\/p>\n\n\n\n<p>Tambi\u00e9n ponder\u00f3 la&nbsp;<strong>ca\u00edda de la inflaci\u00f3n<\/strong>&nbsp;y del<strong>&nbsp;riesgo pa\u00eds&nbsp;<\/strong>a ra\u00edz de \u201cun ajuste de 15 puntos del PBI\u201d: \u201cEstamos haciendo todo este proceso de estabilizaci\u00f3n con correcci\u00f3n de precios relativos\u201d.<\/p>\n\n\n\n<h2 class=\"wp-block-heading\">La reacci\u00f3n de Milei en apoyo a Luis Caputo tras conocer el dato de inflaci\u00f3n de abril<\/h2>\n\n\n\n<p>Este martes, el\u00a0<strong>INDEC\u00a0<\/strong>inform\u00f3 que la\u00a0inflaci\u00f3n de abril se ubic\u00f3 en<strong>\u00a08,8%\u00a0<\/strong>y por primera vez en los \u00faltimos seis meses, es en un d\u00edgito. Frente a esto,\u00a0<strong>Javier Milei festej\u00f3 en sus redes sociales<\/strong>\u00a0y mostr\u00f3 su apoyo al ministro de Econom\u00eda, Luis Caputo.<\/p>\n\n\n\n<p>\u201cGOOOOOOOOOOOOL&#8230;!!!\u201d, escribi\u00f3 el mandatario junto a una<strong>&nbsp;foto con el ministro<\/strong>&nbsp;en la apertura de las sesiones ordinarias de 2024.<\/p>\n\n\n\n<p>El 2023 termin\u00f3 con el \u00cdndice de Precios al Consumidor en alza, con un 12,8% en noviembre y un 25,5% en diciembre. En enero del 2024 permaneci\u00f3 alta por la devaluaci\u00f3n que realiz\u00f3 el Presidente al asumir, pero&nbsp;<strong>comenz\u00f3 a bajar<\/strong>: ese mes fue del 20,6%, en febrero descendi\u00f3 a 13,2% y en marzo lleg\u00f3 a 11%.<\/p>\n\n\n\n<figure class=\"wp-block-image\"><img decoding=\"async\" src=\"https:\/\/tn.com.ar\/resizer\/qpnL6b_xjb7YvfNrNSFfFg2Tdzw=\/767x0\/smart\/filters:format(webp)\/cloudfront-us-east-1.images.arcpublishing.com\/artear\/T6LICAIW4NBEBNXWTPDSFKTRDI.JPG\" alt=\"El posteo de Javier Milei tras el dato de la inflaci\u00f3n. (Foto: captura X \/ @JMilei)\"\/><\/figure>\n","protected":false},"excerpt":{"rendered":"<p>El presidente disert\u00f3 ante un grupo de empresarios. Dijo que en la actualidad \u201cno hay atraso cambiario\u201d y elogi\u00f3 al ministro de Econom\u00eda: \u201c\u00c9l es irrompible y si alguien quiere&hellip; <\/p>\n","protected":false},"author":8,"featured_media":147745,"comment_status":"closed","ping_status":"open","sticky":false,"template":"","format":"standard","meta":{"footnotes":""},"categories":[20],"tags":[],"class_list":["post-147744","post","type-post","status-publish","format-standard","has-post-thumbnail","hentry","category-economia"],"_links":{"self":[{"href":"https:\/\/corrientesdetarde.com\/index.php\/wp-json\/wp\/v2\/posts\/147744","targetHints":{"allow":["GET"]}}],"collection":[{"href":"https:\/\/corrientesdetarde.com\/index.php\/wp-json\/wp\/v2\/posts"}],"about":[{"href":"https:\/\/corrientesdetarde.com\/index.php\/wp-json\/wp\/v2\/types\/post"}],"author":[{"embeddable":true,"href":"https:\/\/corrientesdetarde.com\/index.php\/wp-json\/wp\/v2\/users\/8"}],"replies":[{"embeddable":true,"href":"https:\/\/corrientesdetarde.com\/index.php\/wp-json\/wp\/v2\/comments?post=147744"}],"version-history":[{"count":1,"href":"https:\/\/corrientesdetarde.com\/index.php\/wp-json\/wp\/v2\/posts\/147744\/revisions"}],"predecessor-version":[{"id":147746,"href":"https:\/\/corrientesdetarde.com\/index.php\/wp-json\/wp\/v2\/posts\/147744\/revisions\/147746"}],"wp:featuredmedia":[{"embeddable":true,"href":"https:\/\/corrientesdetarde.com\/index.php\/wp-json\/wp\/v2\/media\/147745"}],"wp:attachment":[{"href":"https:\/\/corrientesdetarde.com\/index.php\/wp-json\/wp\/v2\/media?parent=147744"}],"wp:term":[{"taxonomy":"category","embeddable":true,"href":"https:\/\/corrientesdetarde.com\/index.php\/wp-json\/wp\/v2\/categories?post=147744"},{"taxonomy":"post_tag","embeddable":true,"href":"https:\/\/corrientesdetarde.com\/index.php\/wp-json\/wp\/v2\/tags?post=147744"}],"curies":[{"name":"wp","href":"https:\/\/api.w.org\/{rel}","templated":true}]}}