{"id":147747,"date":"2024-05-15T16:36:23","date_gmt":"2024-05-15T19:36:23","guid":{"rendered":"https:\/\/corrientesdetarde.com\/?p=147747"},"modified":"2024-05-15T16:36:35","modified_gmt":"2024-05-15T19:36:35","slug":"crimen-de-lucio-dupuy-separaron-de-celda-a-la-madre-y-a-su-pareja-un-ano-despues-de-la-condena","status":"publish","type":"post","link":"https:\/\/corrientesdetarde.com\/index.php\/policiales\/crimen-de-lucio-dupuy-separaron-de-celda-a-la-madre-y-a-su-pareja-un-ano-despues-de-la-condena\/","title":{"rendered":"Crimen de Lucio Dupuy: separaron de celda a la madre y a su pareja un a\u00f1o despu\u00e9s de la condena"},"content":{"rendered":"\n<p>Las condenadas quedaron alojadas en distintas c\u00e1rceles. Una permanece en San Luis y la otra en Mendoza.<\/p>\n\n\n\n<p>Despu\u00e9s del reclamo de la familia, la Justicia resolvi\u00f3 separar de celda a la madre de Lucio Dupuy y a su pareja. As\u00ed lo inform\u00f3 el Ministerio de Seguridad de la Naci\u00f3n.<\/p>\n\n\n\n<p>El traslado ya se efectiviz\u00f3 esta madrugada. Una de las acusadas qued\u00f3 en el Complejo Penitenciario de San Luis y la otra fue al Complejo Penitenciario Federal N\u00b0 6 de Mendoza.<\/p>\n","protected":false},"excerpt":{"rendered":"<p>Las condenadas quedaron alojadas en distintas c\u00e1rceles. Una permanece en San Luis y la otra en Mendoza. Despu\u00e9s del reclamo de la familia, la Justicia resolvi\u00f3 separar de celda a&hellip; <\/p>\n","protected":false},"author":8,"featured_media":147748,"comment_status":"closed","ping_status":"open","sticky":false,"template":"","format":"standard","meta":{"footnotes":""},"categories":[33],"tags":[],"class_list":["post-147747","post","type-post","status-publish","format-standard","has-post-thumbnail","hentry","category-policiales"],"_links":{"self":[{"href":"https:\/\/corrientesdetarde.com\/index.php\/wp-json\/wp\/v2\/posts\/147747","targetHints":{"allow":["GET"]}}],"collection":[{"href":"https:\/\/corrientesdetarde.com\/index.php\/wp-json\/wp\/v2\/posts"}],"about":[{"href":"https:\/\/corrientesdetarde.com\/index.php\/wp-json\/wp\/v2\/types\/post"}],"author":[{"embeddable":true,"href":"https:\/\/corrientesdetarde.com\/index.php\/wp-json\/wp\/v2\/users\/8"}],"replies":[{"embeddable":true,"href":"https:\/\/corrientesdetarde.com\/index.php\/wp-json\/wp\/v2\/comments?post=147747"}],"version-history":[{"count":1,"href":"https:\/\/corrientesdetarde.com\/index.php\/wp-json\/wp\/v2\/posts\/147747\/revisions"}],"predecessor-version":[{"id":147749,"href":"https:\/\/corrientesdetarde.com\/index.php\/wp-json\/wp\/v2\/posts\/147747\/revisions\/147749"}],"wp:featuredmedia":[{"embeddable":true,"href":"https:\/\/corrientesdetarde.com\/index.php\/wp-json\/wp\/v2\/media\/147748"}],"wp:attachment":[{"href":"https:\/\/corrientesdetarde.com\/index.php\/wp-json\/wp\/v2\/media?parent=147747"}],"wp:term":[{"taxonomy":"category","embeddable":true,"href":"https:\/\/corrientesdetarde.com\/index.php\/wp-json\/wp\/v2\/categories?post=147747"},{"taxonomy":"post_tag","embeddable":true,"href":"https:\/\/corrientesdetarde.com\/index.php\/wp-json\/wp\/v2\/tags?post=147747"}],"curies":[{"name":"wp","href":"https:\/\/api.w.org\/{rel}","templated":true}]}}