{"id":147750,"date":"2024-05-15T16:41:18","date_gmt":"2024-05-15T19:41:18","guid":{"rendered":"https:\/\/corrientesdetarde.com\/?p=147750"},"modified":"2024-05-15T16:41:29","modified_gmt":"2024-05-15T19:41:29","slug":"procesaron-a-exdirectores-de-vicentin-por-estafa-al-estado-y-les-dictaron-embargos-millonarios","status":"publish","type":"post","link":"https:\/\/corrientesdetarde.com\/index.php\/sociales\/procesaron-a-exdirectores-de-vicentin-por-estafa-al-estado-y-les-dictaron-embargos-millonarios\/","title":{"rendered":"Procesaron a exdirectores de Vicentin por \u201cestafa al Estado y les dictaron embargos millonarios"},"content":{"rendered":"\n<p>El juez federal de Reconquista imput\u00f3 a 14 funcionarios de la compa\u00f1\u00eda por facturas truchas y orden\u00f3 inhibiciones. La empresa habr\u00eda obtenido de manera indebida m\u00e1s de $100 millones. Los acusados podr\u00e1n continuar en libertad bajo fianza.<\/p>\n\n\n\n<p>El<strong>\u00a0juez federal de Reconquista, Aldo Mario Alurralde,\u00a0<\/strong>proces\u00f3 a<strong>\u00a014 exdirectores de\u00a0<\/strong>Vicentin SAIC\u00a0y a la empresa por la acusaci\u00f3n de \u201c<strong>multimillonaria estafa al Estado\u00a0<\/strong>mediante facturas truchas con las que la compa\u00f1\u00eda habr\u00eda conseguido de forma il\u00edcita m\u00e1s de $100 millones\u201d. Orden\u00f3 embargos e inhibiciones pero los imputados podr\u00e1n continuar el\u00a0<strong>proceso penal con el beneficio de la libertad bajo fianza.<\/strong><\/p>\n\n\n\n<p>En un fallo emitido el 7 de mayo,Alurralde tom\u00f3 la decisi\u00f3n a prima facie, por considerar coautores penalmente responsables del delito de&nbsp;<strong>\u201caprovechamiento indebido de beneficios fiscales\u201d,<\/strong>&nbsp;en virtud del art\u00edculo 3\u00b0 del R\u00e9gimen Penal Tributario, Ley Nacional 27.430, art\u00edculo 279, con la agravante prevista en el art\u00edculo 15, inciso B, del mencionado cuerpo legal.<\/p>\n\n\n\n<p>Aunque se enfrentan a cargos graves, todos los encausados podr\u00e1n continuar el proceso penal con el beneficio de la\u00a0<strong>libertad, bajo la condici\u00f3n de cubrir una fianza.<\/strong><\/p>\n\n\n\n<p>El caso, que comenz\u00f3 con una&nbsp;<strong>denuncia de la AFIP en agosto de 2020<\/strong>, finalmente avanz\u00f3 con la decisi\u00f3n del juez tras m\u00e1s de dos a\u00f1os de investigaci\u00f3n.<\/p>\n\n\n\n<figure class=\"wp-block-image\"><img decoding=\"async\" src=\"https:\/\/tn.com.ar\/resizer\/eKON_-DYguftmpoRO1xr0Cv5K4U=\/767x0\/smart\/filters:format(webp)\/cloudfront-us-east-1.images.arcpublishing.com\/artear\/NXGGGJFVIFBVXEXOTZ2YHVW634.jpg\" alt=\"Aldo Mario Alurralde, juez Federal de Reconquista, provincia de Santa Fe. (Foto: Reconquista Hoy)\"\/><\/figure>\n\n\n\n<h2 class=\"wp-block-heading\"><strong>La denuncia de la AFIP expone un presunto esquema delictivo entre 2016 y 2019<\/strong><\/h2>\n\n\n\n<p>En ese sentido, el juez Alurralde, proces\u00f3 a<strong>&nbsp;14 exdirectores de Vicentin SAIC<\/strong>&nbsp;por presunto aprovechamiento indebido de beneficios fiscales. Entre los procesados se encuentran Daniel N\u00e9stor Buyatti, Alberto Juli\u00e1n Macua, Roberto Alejandro Gazze, M\u00e1ximo Javier Padoan, Cristian Andr\u00e9s Padoan, Mart\u00edn Sebasti\u00e1n Colombo, Sergio Roberto Vicentin, Pedro Germ\u00e1n Vicentin, Roberto Oscar Vicentin, Yanina Boschi, Herman Roberto Vicent\u00edn, Oscar Silvio Vicent\u00edn, Rub\u00e9n Dar\u00edo Vicent\u00edn y Norma Susana Vicent\u00edn.<\/p>\n\n\n\n<p>Asimismo, junto con Sergio Roberto Vicentin y Yanina Boschi, los imputados enfrentan la acusaci\u00f3n de haber sido coautores penalmente responsables del delito imputado.\u00a0<strong>Este paso judicial se suma a la compleja situaci\u00f3n financiera que rodea a la\u00a0<\/strong>Compa\u00f1ia, que se encuentra bajo un proceso de reestructuraci\u00f3n luego de haber solicitado la apertura de concurso preventivo de acreedores.<\/p>\n\n\n\n<figure class=\"wp-block-image\"><img decoding=\"async\" src=\"https:\/\/tn.com.ar\/resizer\/s12rtdYuh5_yQ6wW62xbsqWlJJ8=\/767x0\/smart\/filters:format(webp)\/thumbs.vodgc.net\/D1D64C4C1D7CF569AF61ADACA96D282B438_1080P.jpg\" alt=\"Video Placeholder\"\/><\/figure>\n\n\n\n<p>En este contexto, el procesamiento de los exdirectores de la\u00a0agroexportadora enfrenta ahora la\u00a0<strong>posibilidad de una pena de prisi\u00f3n efectiva<\/strong>, de acuerdo con las disposiciones legales enunciadas en el art\u00edculo 3\u00b0 del R\u00e9gimen Penal Tributario. Este art\u00edculo establece que quienes se aprovechen indebidamente de beneficios fiscales pueden enfrentar condenas de entre tres a\u00f1os y seis meses hasta nueve a\u00f1os de prisi\u00f3n, si la suma en cuesti\u00f3n supera los $1.500.000 en un ejercicio anual.<\/p>\n\n\n\n<p>La participaci\u00f3n de&nbsp;<strong>dos o m\u00e1s personas en este delito<\/strong>, seg\u00fan se\u00f1al\u00f3 el juez,&nbsp;<strong>agrava a\u00fan m\u00e1s la situaci\u00f3n<\/strong>, elevando la posible<strong>&nbsp;condena a un m\u00ednimo de cuatro a\u00f1os de prisi\u00f3n efectiva<\/strong>.<\/p>\n\n\n\n<figure class=\"wp-block-image\"><img decoding=\"async\" src=\"https:\/\/tn.com.ar\/resizer\/y-QQxXr57EclTps6wGKudDC023c=\/767x0\/smart\/filters:format(webp)\/cloudfront-us-east-1.images.arcpublishing.com\/artear\/NFNTPGTPOVAO5ERKTFL5FIDBSM.jpg\" alt=\"Fallo judicial. (Foto: Reconquista Hoy).\"\/><\/figure>\n\n\n\n<p>Adem\u00e1s, la denuncia presentada por la Administraci\u00f3n Federal de Ingresos P\u00fablicos (AFIP) detalla un presunto esquema delictivo que se habr\u00eda desarrollado entre los a\u00f1os 2016 y 2019. Seg\u00fan la AFIP, durante este per\u00edodo,&nbsp;<strong>la empresa habr\u00eda obtenido de manera indebida m\u00e1s de $100 millones mediante solicitudes de reintegros del Impuesto al Valor Agregado&nbsp;<\/strong>(IVA) vinculadas a operaciones de exportaci\u00f3n. Se sostiene que estas solicitudes estaban respaldadas por facturaci\u00f3n ap\u00f3crifa, presentada de manera fraudulenta para obtener reintegros ileg\u00edtimos.<\/p>\n\n\n\n<p>Finalmente, la ampliaci\u00f3n de la denuncia por parte de la AFIP incluye detalles adicionales sobre los \u201cmontos que se habr\u00edan detra\u00eddo ileg\u00edtimamente del fisco nacional\u201d. Con todo, la investigaci\u00f3n contin\u00faa en proceso, explicaron desde la Justicia.<\/p>\n","protected":false},"excerpt":{"rendered":"<p>El juez federal de Reconquista imput\u00f3 a 14 funcionarios de la compa\u00f1\u00eda por facturas truchas y orden\u00f3 inhibiciones. La empresa habr\u00eda obtenido de manera indebida m\u00e1s de $100 millones. Los&hellip; <\/p>\n","protected":false},"author":8,"featured_media":147751,"comment_status":"closed","ping_status":"open","sticky":false,"template":"","format":"standard","meta":{"footnotes":""},"categories":[17],"tags":[],"class_list":["post-147750","post","type-post","status-publish","format-standard","has-post-thumbnail","hentry","category-sociales"],"_links":{"self":[{"href":"https:\/\/corrientesdetarde.com\/index.php\/wp-json\/wp\/v2\/posts\/147750","targetHints":{"allow":["GET"]}}],"collection":[{"href":"https:\/\/corrientesdetarde.com\/index.php\/wp-json\/wp\/v2\/posts"}],"about":[{"href":"https:\/\/corrientesdetarde.com\/index.php\/wp-json\/wp\/v2\/types\/post"}],"author":[{"embeddable":true,"href":"https:\/\/corrientesdetarde.com\/index.php\/wp-json\/wp\/v2\/users\/8"}],"replies":[{"embeddable":true,"href":"https:\/\/corrientesdetarde.com\/index.php\/wp-json\/wp\/v2\/comments?post=147750"}],"version-history":[{"count":1,"href":"https:\/\/corrientesdetarde.com\/index.php\/wp-json\/wp\/v2\/posts\/147750\/revisions"}],"predecessor-version":[{"id":147752,"href":"https:\/\/corrientesdetarde.com\/index.php\/wp-json\/wp\/v2\/posts\/147750\/revisions\/147752"}],"wp:featuredmedia":[{"embeddable":true,"href":"https:\/\/corrientesdetarde.com\/index.php\/wp-json\/wp\/v2\/media\/147751"}],"wp:attachment":[{"href":"https:\/\/corrientesdetarde.com\/index.php\/wp-json\/wp\/v2\/media?parent=147750"}],"wp:term":[{"taxonomy":"category","embeddable":true,"href":"https:\/\/corrientesdetarde.com\/index.php\/wp-json\/wp\/v2\/categories?post=147750"},{"taxonomy":"post_tag","embeddable":true,"href":"https:\/\/corrientesdetarde.com\/index.php\/wp-json\/wp\/v2\/tags?post=147750"}],"curies":[{"name":"wp","href":"https:\/\/api.w.org\/{rel}","templated":true}]}}