{"id":147754,"date":"2024-05-15T17:55:01","date_gmt":"2024-05-15T20:55:01","guid":{"rendered":"https:\/\/corrientesdetarde.com\/?p=147754"},"modified":"2024-05-15T17:55:05","modified_gmt":"2024-05-15T20:55:05","slug":"milei-dijo-que-falta-menos-para-levantar-el-cepo-y-pese-al-alza-en-medicamentos-adorni-nego-que-haya-cartelizacion","status":"publish","type":"post","link":"https:\/\/corrientesdetarde.com\/index.php\/politica\/milei-dijo-que-falta-menos-para-levantar-el-cepo-y-pese-al-alza-en-medicamentos-adorni-nego-que-haya-cartelizacion\/","title":{"rendered":"Milei dijo que falta menos para levantar el cepo, y pese al alza en medicamentos, Adorni neg\u00f3 que haya cartelizaci\u00f3n"},"content":{"rendered":"\n<p>Por Juan Pablo Peralta desde Casa Rosada <\/p>\n\n\n\n<p>El presidente Javier Milei particip\u00f3 del Consejo Interamericano del Comercio y la producci\u00f3n en el Hotel Alvear donde manifest\u00f3 que falta menos para levantar el cepo. El jefe de Estado critic\u00f3 a quienes afirman que hay un atraso cambiario y defendi\u00f3 el ajuste.<\/p>\n\n\n\n<figure class=\"wp-block-embed is-type-video is-provider-youtube wp-block-embed-youtube wp-embed-aspect-16-9 wp-has-aspect-ratio\"><div class=\"wp-block-embed__wrapper\">\n<iframe loading=\"lazy\" title=\"Milei dijo que falta menos para levantar el cepo y Adorni neg\u00f3 que los laboratorios se cartelicen\" width=\"1110\" height=\"624\" src=\"https:\/\/www.youtube.com\/embed\/j9w2eJDWJnE?feature=oembed\" frameborder=\"0\" allow=\"accelerometer; autoplay; clipboard-write; encrypted-media; gyroscope; picture-in-picture; web-share\" referrerpolicy=\"strict-origin-when-cross-origin\" allowfullscreen><\/iframe>\n<\/div><\/figure>\n\n\n\n<p>Por su parte, Manuel Adorni destac\u00f3 el dato de inflaci\u00f3n del 8,8% del pasado mes de abril e hizo una apolog\u00eda de la reforma laboral. Consultado por este medio sobre los indiscriminados aumentos que hay en los medicamentos y las telecomunicaciones, manifest\u00f3 que el Gobierno entiende que el hecho de que haya pocas empresas, no necesariamente significa que est\u00e9n cartelizadas, y que por eso no se interviene ni denuncia, salvo que se demuetre lo contrario.<\/p>\n","protected":false},"excerpt":{"rendered":"<p>Por Juan Pablo Peralta desde Casa Rosada El presidente Javier Milei particip\u00f3 del Consejo Interamericano del Comercio y la producci\u00f3n en el Hotel Alvear donde manifest\u00f3 que falta menos para&hellip; <\/p>\n","protected":false},"author":11,"featured_media":108690,"comment_status":"closed","ping_status":"open","sticky":false,"template":"","format":"standard","meta":{"footnotes":""},"categories":[10,3],"tags":[],"class_list":["post-147754","post","type-post","status-publish","format-standard","has-post-thumbnail","hentry","category-nacionales","category-politica"],"_links":{"self":[{"href":"https:\/\/corrientesdetarde.com\/index.php\/wp-json\/wp\/v2\/posts\/147754","targetHints":{"allow":["GET"]}}],"collection":[{"href":"https:\/\/corrientesdetarde.com\/index.php\/wp-json\/wp\/v2\/posts"}],"about":[{"href":"https:\/\/corrientesdetarde.com\/index.php\/wp-json\/wp\/v2\/types\/post"}],"author":[{"embeddable":true,"href":"https:\/\/corrientesdetarde.com\/index.php\/wp-json\/wp\/v2\/users\/11"}],"replies":[{"embeddable":true,"href":"https:\/\/corrientesdetarde.com\/index.php\/wp-json\/wp\/v2\/comments?post=147754"}],"version-history":[{"count":1,"href":"https:\/\/corrientesdetarde.com\/index.php\/wp-json\/wp\/v2\/posts\/147754\/revisions"}],"predecessor-version":[{"id":147755,"href":"https:\/\/corrientesdetarde.com\/index.php\/wp-json\/wp\/v2\/posts\/147754\/revisions\/147755"}],"wp:featuredmedia":[{"embeddable":true,"href":"https:\/\/corrientesdetarde.com\/index.php\/wp-json\/wp\/v2\/media\/108690"}],"wp:attachment":[{"href":"https:\/\/corrientesdetarde.com\/index.php\/wp-json\/wp\/v2\/media?parent=147754"}],"wp:term":[{"taxonomy":"category","embeddable":true,"href":"https:\/\/corrientesdetarde.com\/index.php\/wp-json\/wp\/v2\/categories?post=147754"},{"taxonomy":"post_tag","embeddable":true,"href":"https:\/\/corrientesdetarde.com\/index.php\/wp-json\/wp\/v2\/tags?post=147754"}],"curies":[{"name":"wp","href":"https:\/\/api.w.org\/{rel}","templated":true}]}}