{"id":147857,"date":"2024-05-16T00:15:54","date_gmt":"2024-05-16T03:15:54","guid":{"rendered":"https:\/\/corrientesdetarde.com\/?p=147857"},"modified":"2024-05-16T00:16:06","modified_gmt":"2024-05-16T03:16:06","slug":"el-piloto-de-motos-kevin-benvides-esta-internado-con-pronostico-reservado-tras-un-duro-accidente","status":"publish","type":"post","link":"https:\/\/corrientesdetarde.com\/index.php\/deportes\/el-piloto-de-motos-kevin-benvides-esta-internado-con-pronostico-reservado-tras-un-duro-accidente\/","title":{"rendered":"El piloto de motos Kevin Benvides est\u00e1 internado con pronostico reservado tras un duro accidente"},"content":{"rendered":"\n<p>El bicampe\u00f3n del Dakar estuvo entrenando en su Salta natal.<\/p>\n\n\n\n<p><strong>El bicampe\u00f3n del Dakar en 2021 y 2023 en la categor\u00eda Motocross, Kevin Benavides, tuvo un fuerte accidente mientras entrenaba en su Salta natal y est\u00e1 internado con pron\u00f3stico reservado, seg\u00fan inform\u00f3 su departamento de prensa por medio de un comunicado oficial.<\/strong><\/p>\n\n\n\n<p><strong>\u201cEl Piloto Bi Campe\u00f3n del Dakar, Kevin Benavides, sufri\u00f3 un accidente durante su sesi\u00f3n de entrenamiento y actualmente se encuentra con pron\u00f3stico reservado\u201d<\/strong>, explic\u00f3 su equipo de prensa en el comunicado sobre su estado de salud.<\/p>\n\n\n\n<p>Y agregaron que solo van a dar m\u00e1s informaci\u00f3n cuando haya un parte oficial y que no se le moleste a la familia durante el proceso:&nbsp;<strong>\u201cQueremos asegurarles que, tan pronto tengamos un parte m\u00e9dico oficial o cualquier informaci\u00f3n pertinente que comunicar, se les informar\u00e1 oportunamente a trav\u00e9s de los canales oficiales\u201d<\/strong>.<\/p>\n\n\n\n<p><strong>\u201cSolicitamos encarecidamente a los medios de comunicaci\u00f3n y al p\u00fablico en general que respeten la privacidad de Kevin Benavides y su familia durante este dif\u00edcil momento\u201d<\/strong>, finaliz\u00f3 el comunicado.<\/p>\n\n\n\n<figure class=\"wp-block-image size-full\"><img loading=\"lazy\" decoding=\"async\" width=\"781\" height=\"465\" src=\"https:\/\/corrientesdetarde.com\/wp-content\/uploads\/2024\/05\/image-384.png\" alt=\"\" class=\"wp-image-147858\" srcset=\"https:\/\/corrientesdetarde.com\/wp-content\/uploads\/2024\/05\/image-384.png 781w, https:\/\/corrientesdetarde.com\/wp-content\/uploads\/2024\/05\/image-384-300x179.png 300w, https:\/\/corrientesdetarde.com\/wp-content\/uploads\/2024\/05\/image-384-768x457.png 768w\" sizes=\"auto, (max-width: 781px) 100vw, 781px\" \/><\/figure>\n\n\n\n<p>Benavides fue dos veces campe\u00f3n del Dakar en los a\u00f1os 2021 y 2023 en Motos: la primera en Arabia Saudita con su Honda CRF 450 Rally en donde consigui\u00f3 dos etapas ganadas, y la segunda en Rally GP con su KTM, categor\u00eda en la que consigui\u00f3 tambi\u00e9n dos triunfos.<\/p>\n\n\n\n<p>El salte\u00f1o se accident\u00f3 en un circuito que inauguraron junto a su hermano Luciano en agosto de 2023: el Mantillo MX Park, en donde se llevan a cabo pruebas y competiciones de motocross y enduro. El lugar est\u00e1 ubicado en&nbsp;Rocunilla Adventure Land, a aproximadamente 20 kil\u00f3metros de la capital de la provincia.<\/p>\n","protected":false},"excerpt":{"rendered":"<p>El bicampe\u00f3n del Dakar estuvo entrenando en su Salta natal. El bicampe\u00f3n del Dakar en 2021 y 2023 en la categor\u00eda Motocross, Kevin Benavides, tuvo un fuerte accidente mientras entrenaba&hellip; <\/p>\n","protected":false},"author":4,"featured_media":147859,"comment_status":"closed","ping_status":"open","sticky":false,"template":"","format":"standard","meta":{"footnotes":""},"categories":[4],"tags":[],"class_list":["post-147857","post","type-post","status-publish","format-standard","has-post-thumbnail","hentry","category-deportes"],"_links":{"self":[{"href":"https:\/\/corrientesdetarde.com\/index.php\/wp-json\/wp\/v2\/posts\/147857","targetHints":{"allow":["GET"]}}],"collection":[{"href":"https:\/\/corrientesdetarde.com\/index.php\/wp-json\/wp\/v2\/posts"}],"about":[{"href":"https:\/\/corrientesdetarde.com\/index.php\/wp-json\/wp\/v2\/types\/post"}],"author":[{"embeddable":true,"href":"https:\/\/corrientesdetarde.com\/index.php\/wp-json\/wp\/v2\/users\/4"}],"replies":[{"embeddable":true,"href":"https:\/\/corrientesdetarde.com\/index.php\/wp-json\/wp\/v2\/comments?post=147857"}],"version-history":[{"count":1,"href":"https:\/\/corrientesdetarde.com\/index.php\/wp-json\/wp\/v2\/posts\/147857\/revisions"}],"predecessor-version":[{"id":147860,"href":"https:\/\/corrientesdetarde.com\/index.php\/wp-json\/wp\/v2\/posts\/147857\/revisions\/147860"}],"wp:featuredmedia":[{"embeddable":true,"href":"https:\/\/corrientesdetarde.com\/index.php\/wp-json\/wp\/v2\/media\/147859"}],"wp:attachment":[{"href":"https:\/\/corrientesdetarde.com\/index.php\/wp-json\/wp\/v2\/media?parent=147857"}],"wp:term":[{"taxonomy":"category","embeddable":true,"href":"https:\/\/corrientesdetarde.com\/index.php\/wp-json\/wp\/v2\/categories?post=147857"},{"taxonomy":"post_tag","embeddable":true,"href":"https:\/\/corrientesdetarde.com\/index.php\/wp-json\/wp\/v2\/tags?post=147857"}],"curies":[{"name":"wp","href":"https:\/\/api.w.org\/{rel}","templated":true}]}}