{"id":147867,"date":"2024-05-16T08:00:17","date_gmt":"2024-05-16T11:00:17","guid":{"rendered":"https:\/\/corrientesdetarde.com\/?p=147867"},"modified":"2024-05-16T08:00:29","modified_gmt":"2024-05-16T11:00:29","slug":"ley-bases-quieta-en-el-senado-la-presion-va-ahora-con-el-pacto-de-mayo","status":"publish","type":"post","link":"https:\/\/corrientesdetarde.com\/index.php\/politica\/ley-bases-quieta-en-el-senado-la-presion-va-ahora-con-el-pacto-de-mayo\/","title":{"rendered":"Ley Bases: quieta en el Senado, la presi\u00f3n va ahora con el Pacto de Mayo"},"content":{"rendered":"\n<p>El Gobierno amenaza con excluir del Pacto de Mayo a la dirigencia pol\u00edtica si no le aprueba la reversionada Ley \u00d3mnibus a tiempo. &#8220;Si la pol\u00edtica no acompa\u00f1a, el pacto se firmar\u00e1 con la ciudadan\u00eda&#8221;, dijeron que har\u00edan el 25 en una especie de Cabildo Abierto en C\u00f3rdoba.<\/p>\n\n\n\n<p>Con un tratamiento en el Senado de la Naci\u00f3n que ya extendi\u00f3 los plazos proyectados desde el principio por el Gobierno de Javier Milei, ahora la presi\u00f3n para un consenso pasa por el Pacto de Mayo, que a\u00fan se quiere firmar este 25 en C\u00f3rdoba. As\u00ed lo hab\u00eda lanzado a modo de convocatoria el propio Presidente en su mensaje en el Congreso el 1 de marzo, en la apertura del per\u00edodo ordinario de sesiones.<\/p>\n\n\n\n<p>Sin embargo, con el empantanamiento del proyecto de la Ley Bases y el Paquete Fiscal en la C\u00e1mara alta (tras el r\u00e1pido avance en Diputados), las cosas cambiaron para el Pacto de Mayo. Incluso, el propio Milei dijo esta semana que si no se aprueban las iniciativas (que condicionan el Pacto), el acto de firma podr\u00eda hacerse en junio o julio, cuando salga convertida definitivamente en ley.<\/p>\n\n\n\n<figure class=\"wp-block-image\"><img decoding=\"async\" src=\"https:\/\/www.diarioepoca.com\/content\/bucket\/5\/1363035w380h132c.jpg.webp\" alt=\"\"\/><\/figure>\n\n\n\n<p>Una posibilidad es que el Senado aplique modificaciones al proyecto tal cual vino aprobado en Diputados, con lo cual deber\u00eda volver a la C\u00e1mara baja para su revisi\u00f3n. Eso ya extiende los plazos que evaluaba el oficialismo.<\/p>\n\n\n\n<p>En las \u00faltimas horas, surgi\u00f3 la versi\u00f3n period\u00edstica de que la presi\u00f3n ahora viene del lado del Pacto de Mayo. &#8220;En el Gobierno dicen que piensan en realizar un gran acto en el Cabildo de C\u00f3rdoba frente a una multitud, pero sin autoridades. En la Casa Rosada hay un fuerte malestar con Villarruel por la dilaci\u00f3n del dictamen. Adem\u00e1s, acusan al radicalismo de boicotear el 25 de mayo y apuntan contra el PRO por sus internas&#8221;, indicaron en una nota del sitio Infobae.com.<\/p>\n\n\n\n<p>&#8220;En el Gobierno crece la preocupaci\u00f3n por la falta de consensos para conseguir los votos en el Senado, y exploran alternativas para presionar con el Pacto de Mayo. Ayer hab\u00edan deslizado que podr\u00edan postergar la fecha hasta junio, o inclusive julio, pero Javier Milei eval\u00faa sostener el evento el 25 de mayo con un cambio total de formato, sin pol\u00edticos, y con un discurso \u0091muy picante\u0092 contra la dirigencia&#8221;, indicaron en el art\u00edculo difundido ayer.<\/p>\n\n\n\n<figure class=\"wp-block-image\"><img decoding=\"async\" src=\"https:\/\/www.diarioepoca.com\/content\/bucket\/6\/1363036w380h175c.jpg.webp\" alt=\"\"\/><\/figure>\n\n\n\n<h2 class=\"wp-block-heading\">El documento<\/h2>\n\n\n\n<p>La ceremonia del Pacto de Mayo estaba planeada inicialmente en el Palacio de Justicia, con presencia de la mayor\u00eda de los gobernadores, algunos expresidentes, dirigentes de partidos pol\u00edticos y representantes de todas las \u00e1reas de la vida p\u00fablica, desde el sindicalismo a la Iglesia. Ese d\u00eda, los mandatarios provinciales y Milei firmar\u00edan el documento de diez puntos para el desarrollo del pa\u00eds que present\u00f3 el Presidente con toda pompa en la Asamblea Legislativa.<\/p>\n\n\n\n<p>Pero los planes empezaron a complicarse esta semana, cuando varios senadores que el Gobierno daba por sentado que acompa\u00f1ar\u00edan la Ley Bases empezaron a poner en duda su apoyo durante el debate en comisiones. Y el Presidente, preocupado por no aparecer como el gran derrotado, hab\u00eda evaluado postergarlo hasta junio o julio, como dijo ayer tras el acto por el busto de Carlos Menem. Pero hoy, en un clima de efervescencia en Balcarce 50, decidi\u00f3 que, si no le aprueban la ley, realizar\u00e1 el Pacto de Mayo de todas formas, pero sin &#8220;la casta&#8221;.<\/p>\n\n\n\n<p>El lugar, en este caso, ser\u00eda el Cabildo de C\u00f3rdoba. Y no habr\u00eda ni un solo invitado de &#8220;la pol\u00edtica&#8221;, ni siquiera el gobernador anfitri\u00f3n, Mart\u00edn Llaryora, que esta semana mostr\u00f3 malestar por los planes de dilatar el acto por la falta de ley. Los firmantes, en tal escenario, ser\u00edan los propios ciudadanos. &#8220;Si la pol\u00edtica no acompa\u00f1a, el pacto se firmar\u00e1 con la ciudadan\u00eda&#8221;, explicaron.<\/p>\n\n\n\n<h2 class=\"wp-block-heading\">El Jefe de Gabinete de la Naci\u00f3n expuso las proyecciones econ\u00f3micas del Gobierno<\/h2>\n\n\n\n<figure class=\"wp-block-image\"><img decoding=\"async\" src=\"https:\/\/www.diarioepoca.com\/content\/bucket\/7\/1363037w380h332c.jpg.webp\" alt=\"\"\/><\/figure>\n\n\n\n<p>&#8220;En sesi\u00f3n informativa, recibimos al jefe de gabinete, Nicol\u00e1s Posse, quien brind\u00f3 su informe sobre la marcha del Gobierno. Entre otros temas, le consult\u00e9 sobre las inundaciones que afectan a miles de correntinos y qu\u00e9 medidas se eval\u00faan para asistir a las familias damnificadas&#8221;, resalt\u00f3 el senador nacional por Corrientes, Eduardo Vischi, en sus redes sociales.<\/p>\n\n\n\n<p>En efecto, luego de ocho horas concluy\u00f3 la sesi\u00f3n en la que Nicol\u00e1s Posse, jefe de Gabinete de la Naci\u00f3n, present\u00f3 su primer informe de gesti\u00f3n. A lo largo de la jornada, el funcionario expuso sobre las proyecciones econ\u00f3micas que hace la presidencia de Javier Milei, aportando un dato significativo al mencionar que se espera que, a diciembre de 2024, la inflaci\u00f3n interanual se ubique en un 139%, marcando as\u00ed una desaceleraci\u00f3n en los meses que restan del a\u00f1o.<\/p>\n\n\n\n<p>Por otro lado, Posse respondi\u00f3 ante las insistentes preguntas y planteos de los legisladores de la oposici\u00f3n en relaci\u00f3n al parate de la obra p\u00fablica en todo el pa\u00eds. El funcionario fue tajante, indicando que todo el sistema est\u00e1 en revisi\u00f3n, debido que se heredaron deudas millonarias que hicieron caer la mayor\u00eda de los contratos por carecer de financiamiento. &#8220;No vamos a financiar eso con emisi\u00f3n, estamos parando una h\u00edperinflaci\u00f3n&#8221;, fue la respuesta del funcionario.<\/p>\n","protected":false},"excerpt":{"rendered":"<p>El Gobierno amenaza con excluir del Pacto de Mayo a la dirigencia pol\u00edtica si no le aprueba la reversionada Ley \u00d3mnibus a tiempo. &#8220;Si la pol\u00edtica no acompa\u00f1a, el pacto&hellip; <\/p>\n","protected":false},"author":3,"featured_media":147868,"comment_status":"closed","ping_status":"open","sticky":false,"template":"","format":"standard","meta":{"footnotes":""},"categories":[3],"tags":[],"class_list":["post-147867","post","type-post","status-publish","format-standard","has-post-thumbnail","hentry","category-politica"],"_links":{"self":[{"href":"https:\/\/corrientesdetarde.com\/index.php\/wp-json\/wp\/v2\/posts\/147867","targetHints":{"allow":["GET"]}}],"collection":[{"href":"https:\/\/corrientesdetarde.com\/index.php\/wp-json\/wp\/v2\/posts"}],"about":[{"href":"https:\/\/corrientesdetarde.com\/index.php\/wp-json\/wp\/v2\/types\/post"}],"author":[{"embeddable":true,"href":"https:\/\/corrientesdetarde.com\/index.php\/wp-json\/wp\/v2\/users\/3"}],"replies":[{"embeddable":true,"href":"https:\/\/corrientesdetarde.com\/index.php\/wp-json\/wp\/v2\/comments?post=147867"}],"version-history":[{"count":1,"href":"https:\/\/corrientesdetarde.com\/index.php\/wp-json\/wp\/v2\/posts\/147867\/revisions"}],"predecessor-version":[{"id":147877,"href":"https:\/\/corrientesdetarde.com\/index.php\/wp-json\/wp\/v2\/posts\/147867\/revisions\/147877"}],"wp:featuredmedia":[{"embeddable":true,"href":"https:\/\/corrientesdetarde.com\/index.php\/wp-json\/wp\/v2\/media\/147868"}],"wp:attachment":[{"href":"https:\/\/corrientesdetarde.com\/index.php\/wp-json\/wp\/v2\/media?parent=147867"}],"wp:term":[{"taxonomy":"category","embeddable":true,"href":"https:\/\/corrientesdetarde.com\/index.php\/wp-json\/wp\/v2\/categories?post=147867"},{"taxonomy":"post_tag","embeddable":true,"href":"https:\/\/corrientesdetarde.com\/index.php\/wp-json\/wp\/v2\/tags?post=147867"}],"curies":[{"name":"wp","href":"https:\/\/api.w.org\/{rel}","templated":true}]}}