{"id":147869,"date":"2024-05-16T08:00:23","date_gmt":"2024-05-16T11:00:23","guid":{"rendered":"https:\/\/corrientesdetarde.com\/?p=147869"},"modified":"2024-05-16T08:12:00","modified_gmt":"2024-05-16T11:12:00","slug":"corrientes-los-choferes-realizaran-una-asamblea-y-no-habra-colectivos-en-horario-pico","status":"publish","type":"post","link":"https:\/\/corrientesdetarde.com\/index.php\/informacion-general\/corrientes-los-choferes-realizaran-una-asamblea-y-no-habra-colectivos-en-horario-pico\/","title":{"rendered":"Corrientes: los choferes realizar\u00e1n una asamblea y no habr\u00e1 colectivos en horario pico"},"content":{"rendered":"\n<p>La UTA adelant\u00f3 que no circular\u00e1n las unidades por dos horas durante el mediod\u00eda y la noche.&nbsp;<\/p>\n\n\n\n<p>La Uni\u00f3n Tranviarios Automotor (UTA) Corrientes confirm\u00f3 que se realizar\u00e1n asambleas en diferentes horarios, por lo que no circular\u00e1n los colectivos en la ciudad.\u00a0<\/p>\n\n\n\n<p>Los usuarios no podr\u00e1n contar con el servicio este jueves en los siguientes horarios:&nbsp;&nbsp;<strong>12 a 14 y de 18 a 20.&nbsp;<\/strong><\/p>\n\n\n\n<p>Jos\u00e9 Luis Sabao, titular de la Uni\u00f3n Tranviarios del Automotor (UTA) Corrientes, se\u00f1al\u00f3 a El Litoral que: \u201cla medida se realizar\u00e1 este jueves durante la ma\u00f1ana y tarde en los horarios mencionados. Por el momento es solo para el jueves pero vamos a ver c\u00f3mo seguimos\u201d.&nbsp;<\/p>\n\n\n\n<p>Sobre las razones por las que tomaron la medidas, el titular de la UTA Corrientes explic\u00f3 que: \u201cEl mes pasado los empresarios se hab\u00edan comprometido a pagar, acordamos que el aumento ser\u00eda en cuatro cuotas y hasta el momento no depositaron\u201d.&nbsp;<\/p>\n\n\n\n<p>Mediante una nota presentada a la Secretar\u00eda de Trabajo de la Provincia, la UTA asegur\u00f3 que este 15 de mayo venci\u00f3 el plazo para hacer efectivo &#8220;el pago de la 1\u00ba cuota de diferencias salariales de enero y febrero 2024 acordadas con el representante de las empresas Ersa Urbano S.A y Transporte San Lorenzo UT&#8221;.<\/p>\n\n\n\n<p>Debido a ello, se ha resuelto &#8220;realizar una asamblea general extraordinaria informativa y de car\u00e1cter permanente&nbsp;&nbsp;<strong>el 16 de mayo de 12 a 14 y de 18 a 20 en el puerto y cabeceras<\/strong>&nbsp; de las diferentes l\u00edneas y ramales de las empresas mencionadas donde los trabajadores tienen sus tiempos de descanso&#8221;, agrega el documento.<\/p>\n\n\n\n<p>En dicha asamblea, los trabajadores debatir\u00e1n los pasos a seguir y el plan de lucha &#8220;en pos de garantizar los derechos en caso de incumplimiento de los pagos acordados&#8221;.<\/p>\n","protected":false},"excerpt":{"rendered":"<p>La UTA adelant\u00f3 que no circular\u00e1n las unidades por dos horas durante el mediod\u00eda y la noche.&nbsp; La Uni\u00f3n Tranviarios Automotor (UTA) Corrientes confirm\u00f3 que se realizar\u00e1n asambleas en diferentes&hellip; <\/p>\n","protected":false},"author":3,"featured_media":147872,"comment_status":"closed","ping_status":"open","sticky":false,"template":"","format":"standard","meta":{"footnotes":""},"categories":[1],"tags":[],"class_list":["post-147869","post","type-post","status-publish","format-standard","has-post-thumbnail","hentry","category-informacion-general"],"_links":{"self":[{"href":"https:\/\/corrientesdetarde.com\/index.php\/wp-json\/wp\/v2\/posts\/147869","targetHints":{"allow":["GET"]}}],"collection":[{"href":"https:\/\/corrientesdetarde.com\/index.php\/wp-json\/wp\/v2\/posts"}],"about":[{"href":"https:\/\/corrientesdetarde.com\/index.php\/wp-json\/wp\/v2\/types\/post"}],"author":[{"embeddable":true,"href":"https:\/\/corrientesdetarde.com\/index.php\/wp-json\/wp\/v2\/users\/3"}],"replies":[{"embeddable":true,"href":"https:\/\/corrientesdetarde.com\/index.php\/wp-json\/wp\/v2\/comments?post=147869"}],"version-history":[{"count":2,"href":"https:\/\/corrientesdetarde.com\/index.php\/wp-json\/wp\/v2\/posts\/147869\/revisions"}],"predecessor-version":[{"id":147885,"href":"https:\/\/corrientesdetarde.com\/index.php\/wp-json\/wp\/v2\/posts\/147869\/revisions\/147885"}],"wp:featuredmedia":[{"embeddable":true,"href":"https:\/\/corrientesdetarde.com\/index.php\/wp-json\/wp\/v2\/media\/147872"}],"wp:attachment":[{"href":"https:\/\/corrientesdetarde.com\/index.php\/wp-json\/wp\/v2\/media?parent=147869"}],"wp:term":[{"taxonomy":"category","embeddable":true,"href":"https:\/\/corrientesdetarde.com\/index.php\/wp-json\/wp\/v2\/categories?post=147869"},{"taxonomy":"post_tag","embeddable":true,"href":"https:\/\/corrientesdetarde.com\/index.php\/wp-json\/wp\/v2\/tags?post=147869"}],"curies":[{"name":"wp","href":"https:\/\/api.w.org\/{rel}","templated":true}]}}