{"id":147912,"date":"2024-05-16T11:00:29","date_gmt":"2024-05-16T14:00:29","guid":{"rendered":"https:\/\/corrientesdetarde.com\/?p=147912"},"modified":"2024-05-16T11:00:31","modified_gmt":"2024-05-16T14:00:31","slug":"horror-en-corrientes-hallaron-un-bebe-muerto-en-un-basural","status":"publish","type":"post","link":"https:\/\/corrientesdetarde.com\/index.php\/policiales\/horror-en-corrientes-hallaron-un-bebe-muerto-en-un-basural\/","title":{"rendered":"Horror en Corrientes: hallaron un beb\u00e9 muerto en un basural"},"content":{"rendered":"\n<p>El hecho conmocion\u00f3 a los vecinos del lugar.\u00a0<\/p>\n\n\n\n<p><span style=\"font-family: Roboto, sans-serif; font-size: 1.0625rem; white-space-collapse: collapse; color: initial;\">La Polic\u00eda de Corrientes inform\u00f3 este martes que encontraron muerto\u00a0en un basural municipal a un\u00a0beb\u00e9 reci\u00e9n nacido\u00a0en la localidad de Santo Tom\u00e9.<\/span><p style=\"box-sizing: border-box; margin: 0px 0px 28px; padding: 0px; border: 0px; outline: 0px; font-size: 1.0625rem; vertical-align: baseline; background-image: initial; background-position: 0px 0px; background-size: initial; background-repeat: initial; background-attachment: initial; background-origin: initial; background-clip: initial; line-height: 1.875rem; font-family: Roboto, sans-serif; white-space-collapse: collapse;\">El hecho ocurri\u00f3 el lunes por la ma\u00f1ana cuando\u00a0\u00a0<span style=\"box-sizing: border-box; margin: 0px; padding: 0px; border: 0px; outline: 0px; vertical-align: baseline; background: 0px 0px; font-weight: 700;\">un trabajador municipal hall\u00f3 al beb\u00e9 sin vida en una bolsa de pl\u00e1stico.\u00a0<\/span><\/p><div id=\"sm-it-main-container-1715864849367\" class=\"sm-it-main-container\" data-it=\"689a95de-68ff-4b80-ad4d-5f3492799fee\" data-device=\"desktop\" data-index=\"0\" style=\"box-sizing: border-box; margin: auto; padding: 0px; border: 0px; font-size: 17px; vertical-align: baseline; background: 0px 0px; position: relative; width: 621px; height: 0px;\"><div id=\"sm-reference-1715864849367\" class=\"sm-reference\" style=\"box-sizing: border-box; margin: auto; padding: 0px; border: 0px; vertical-align: baseline; background: 0px 0px rgb(231, 231, 231); position: relative; width: 621px; height: 0px;\"><\/div><\/div><p style=\"box-sizing: border-box; margin: 0px 0px 28px; padding: 0px; border: 0px; outline: 0px; font-size: 1.0625rem; vertical-align: baseline; background-image: initial; background-position: 0px 0px; background-size: initial; background-repeat: initial; background-attachment: initial; background-origin: initial; background-clip: initial; line-height: 1.875rem; font-family: Roboto, sans-serif; white-space-collapse: collapse;\">Seg\u00fan las primeras averiguaciones,\u00a0\u00a0<span style=\"box-sizing: border-box; margin: 0px; padding: 0px; border: 0px; outline: 0px; vertical-align: baseline; background: 0px 0px; font-weight: 700;\">el feto era una beb\u00e9 reci\u00e9n nacida de sexo femenino<\/span>,\u00a0 el cual hab\u00eda fallecido hac\u00eda pocas horas dado que no ten\u00eda rigidez cadav\u00e9rica.<\/p><p style=\"box-sizing: border-box; margin: 0px 0px 28px; padding: 0px; border: 0px; outline: 0px; font-size: 1.0625rem; vertical-align: baseline; background-image: initial; background-position: 0px 0px; background-size: initial; background-repeat: initial; background-attachment: initial; background-origin: initial; background-clip: initial; line-height: 1.875rem; font-family: Roboto, sans-serif; white-space-collapse: collapse;\">Ten\u00eda el cord\u00f3n umbilical por eso se infiere que naci\u00f3 y no estaba la placenta, seg\u00fan indicaron fuentes policiales.<\/p><div class=\"container_publi\" data-tipo=\"tipo_desktop \" data-pos=\"AMP_P1_cuerpo\" style=\"box-sizing: border-box; margin: 15px auto; padding: 0px; border: 0px; font-size: 16px; vertical-align: baseline; background-image: initial; background-position: 0px 0px; background-size: initial; background-repeat: initial; background-attachment: initial; background-origin: initial; background-clip: initial; max-width: 970px; width: 970px; position: relative; text-align: center; color: rgb(77, 77, 77); font-family: Roboto, sans-serif; white-space-collapse: collapse;\"><div class=\" lazyloaded\" data-gpt=\"\/22675780113\/nota\/AMP_cuerpo_x\" data-size=\"[750,300]\" data-expand=\"300\" style=\"box-sizing: border-box; margin: 0px; padding: 0px; border: 0px; vertical-align: baseline; background: 0px 0px;\"><div id=\"pppSlot9\" style=\"box-sizing: border-box; margin: 0px; padding: 0px; border: 0px; vertical-align: baseline; background: 0px 0px;\"><div id=\"google_ads_iframe_\/22675780113\/nota\/AMP_cuerpo_x_0__container__\" style=\"box-sizing: border-box; margin: auto; padding: 0px; border: 0pt none; vertical-align: baseline; background: 0px 0px; width: 750px; height: 0px;\"><\/div><\/div><\/div><\/div><p style=\"box-sizing: border-box; margin: 0px 0px 28px; padding: 0px; border: 0px; outline: 0px; font-size: 1.0625rem; vertical-align: baseline; background-image: initial; background-position: 0px 0px; background-size: initial; background-repeat: initial; background-attachment: initial; background-origin: initial; background-clip: initial; line-height: 1.875rem; font-family: Roboto, sans-serif; white-space-collapse: collapse;\">En el lugar trabajaron levantamiento de \u00a0muestras para cotejo de ADN para dar con los progenitores.\u00a0<\/p><p style=\"box-sizing: border-box; margin: 0px 0px 28px; padding: 0px; border: 0px; outline: 0px; font-size: 1.0625rem; vertical-align: baseline; background-image: initial; background-position: 0px 0px; background-size: initial; background-repeat: initial; background-attachment: initial; background-origin: initial; background-clip: initial; line-height: 1.875rem; font-family: Roboto, sans-serif; white-space-collapse: collapse;\"><span style=\"box-sizing: border-box; margin: 0px; padding: 0px; border: 0px; outline: 0px; vertical-align: baseline; background: 0px 0px; font-weight: 700;\">La Polic\u00eda se encuentra investigado si el beb\u00e9 fue golpeado en la cabeza, ya que presentaba aparentemente un golpe. Se le realiz\u00f3 la autopsia correspondiente.<\/span><\/p><p style=\"box-sizing: border-box; margin: 0px 0px 28px; padding: 0px; border: 0px; outline: 0px; font-size: 1.0625rem; vertical-align: baseline; background-image: initial; background-position: 0px 0px; background-size: initial; background-repeat: initial; background-attachment: initial; background-origin: initial; background-clip: initial; line-height: 1.875rem; font-family: Roboto, sans-serif; white-space-collapse: collapse;\">Por esta misma situaci\u00f3n, se calific\u00f3 como homicidio y se dio inicio a una investigaci\u00f3n, la que se encuentra actualmente en curso.<\/p><\/p>\n","protected":false},"excerpt":{"rendered":"<p>El hecho conmocion\u00f3 a los vecinos del lugar.\u00a0 La Polic\u00eda de Corrientes inform\u00f3 este martes que encontraron muerto\u00a0en un basural municipal a un\u00a0beb\u00e9 reci\u00e9n nacido\u00a0en la localidad de Santo Tom\u00e9.&hellip; <\/p>\n","protected":false},"author":3,"featured_media":147936,"comment_status":"closed","ping_status":"open","sticky":false,"template":"","format":"standard","meta":{"footnotes":""},"categories":[33],"tags":[],"class_list":["post-147912","post","type-post","status-publish","format-standard","has-post-thumbnail","hentry","category-policiales"],"_links":{"self":[{"href":"https:\/\/corrientesdetarde.com\/index.php\/wp-json\/wp\/v2\/posts\/147912","targetHints":{"allow":["GET"]}}],"collection":[{"href":"https:\/\/corrientesdetarde.com\/index.php\/wp-json\/wp\/v2\/posts"}],"about":[{"href":"https:\/\/corrientesdetarde.com\/index.php\/wp-json\/wp\/v2\/types\/post"}],"author":[{"embeddable":true,"href":"https:\/\/corrientesdetarde.com\/index.php\/wp-json\/wp\/v2\/users\/3"}],"replies":[{"embeddable":true,"href":"https:\/\/corrientesdetarde.com\/index.php\/wp-json\/wp\/v2\/comments?post=147912"}],"version-history":[{"count":1,"href":"https:\/\/corrientesdetarde.com\/index.php\/wp-json\/wp\/v2\/posts\/147912\/revisions"}],"predecessor-version":[{"id":147948,"href":"https:\/\/corrientesdetarde.com\/index.php\/wp-json\/wp\/v2\/posts\/147912\/revisions\/147948"}],"wp:featuredmedia":[{"embeddable":true,"href":"https:\/\/corrientesdetarde.com\/index.php\/wp-json\/wp\/v2\/media\/147936"}],"wp:attachment":[{"href":"https:\/\/corrientesdetarde.com\/index.php\/wp-json\/wp\/v2\/media?parent=147912"}],"wp:term":[{"taxonomy":"category","embeddable":true,"href":"https:\/\/corrientesdetarde.com\/index.php\/wp-json\/wp\/v2\/categories?post=147912"},{"taxonomy":"post_tag","embeddable":true,"href":"https:\/\/corrientesdetarde.com\/index.php\/wp-json\/wp\/v2\/tags?post=147912"}],"curies":[{"name":"wp","href":"https:\/\/api.w.org\/{rel}","templated":true}]}}