{"id":147914,"date":"2024-05-16T11:00:15","date_gmt":"2024-05-16T14:00:15","guid":{"rendered":"https:\/\/corrientesdetarde.com\/?p=147914"},"modified":"2024-05-16T11:00:16","modified_gmt":"2024-05-16T14:00:16","slug":"dos-hermanitas-no-quieren-separarse-y-desean-una-familia-que-las-contenga","status":"publish","type":"post","link":"https:\/\/corrientesdetarde.com\/index.php\/informacion-general\/dos-hermanitas-no-quieren-separarse-y-desean-una-familia-que-las-contenga\/","title":{"rendered":"Dos hermanitas no quieren separarse y desean una familia que las contenga"},"content":{"rendered":"\n<p>Diana tiene 4 a\u00f1os y F\u00e1tima 12. Ambas van a la escuela, son simp\u00e1ticas, afectivas y expresaron la necesidad de permanecer juntas. La convocatoria p\u00fablica es para aquellas personas que residan en las provincias de Corrientes, Chaco, Formosa, Misiones, Entre R\u00edos y Santa Fe. No necesitan estar inscriptos en el Registro \u00danico de Aspirantes.<\/p>\n\n\n\n<p>Diana y F\u00e1tima (nombres ficticios) tienen 4 y 12 a\u00f1os y le dijeron a la jueza Gabriela Dadone que no quieren separarse y por eso desean una familia que las reciba, abrace y contenga.<\/p>\n\n\n\n<p>Las personas pueden ser de Corrientes, Chaco, Formosa, Misiones, Entre R\u00edos y Santa Fe de manera que puedan estar cerca y seguir en contacto con sus otros hermanos.<\/p>\n\n\n\n<p>Diana, 4 a\u00f1os<\/p>\n\n\n\n<p>La peque\u00f1a asiste a Sala de 5 del Jard\u00edn de Infantes y a clases de baile. Realiza actividades de estimulaci\u00f3n temprana, pedag\u00f3gicas y talleres de habilidades<\/p>\n\n\n\n<p>Diana es risue\u00f1a, afectiva y simp\u00e1tica. Logra establecer v\u00ednculos con adultos y ni\u00f1os; predispuesta a hacer actividades grupales requiriendo apoyo para las individuales.<\/p>\n\n\n\n<p>F\u00e1tima, 12 a\u00f1os<\/p>\n\n\n\n<p>F\u00e1tima asiste a 1\u00b0 a\u00f1o de la escuela secundaria. Es sensible e inteligente, insistente y colaboradora; expresa sus sentimientos y gustos sin dificultad, defendiendo sus posturas y asumiendo rol de l\u00edder con sus pares. Recibe asistencia psicol\u00f3gica.<\/p>\n\n\n\n<p>Las convocatorias p\u00fablicas<\/p>\n\n\n\n<p>La Convocatoria P\u00fablica es una instancia de b\u00fasqueda de aspirantes a la adopci\u00f3n cuando se han agotado las posibilidades de hallar aspirantes disponibles dentro del Registro \u00danico Provincial y en los dem\u00e1s registros del pa\u00eds que integran la Red Federal.<\/p>\n\n\n\n<p>Por ello, en los casos de Convocatorias, los interesados no necesitan estar inscriptos en el registro,<\/p>\n\n\n\n<p>Esta convocatoria fue realizada por el Juzgado de Familia, Ni\u00f1ez y Adolescencia N\u00b02 de la Ciudad de Goya a cargo de la doctora Maria Gabriela Dadone.<\/p>\n\n\n\n<p><strong>C\u00f3mo hacer para adoptarlas<\/strong><\/p>\n\n\n\n<p>Los interesados deber\u00e1n descargar el formulario de Convocatorias P\u00fablicas de la p\u00e1gina web y enviarlo por correo electr\u00f3nico al Registro de Aspirantes a guarda con fines adoptivos de Corrientes:&nbsp;registroadopcion@juscorrientes.gov.ar<\/p>\n\n\n\n<p>Tambi\u00e9n podr\u00e1n mandar al correo electr\u00f3nico del juzgado de Familia de Goya:&nbsp;jfamilianya2-goya@juscorrientes.gov.ar<\/p>\n\n\n\n<p>Para consultas podr\u00e1n comunicarse al tel\u00e9fono fijo de RUA-Ctes: 3794-4104298.<\/p>\n\n\n\n<p>Tambi\u00e9n pueden consultar a los tel\u00e9fonos del juzgado: Celular\/WhatsApp: 37777642222 o al (3777) 437631.<\/p>\n","protected":false},"excerpt":{"rendered":"<p>Diana tiene 4 a\u00f1os y F\u00e1tima 12. Ambas van a la escuela, son simp\u00e1ticas, afectivas y expresaron la necesidad de permanecer juntas. La convocatoria p\u00fablica es para aquellas personas que&hellip; <\/p>\n","protected":false},"author":3,"featured_media":147915,"comment_status":"closed","ping_status":"open","sticky":false,"template":"","format":"standard","meta":{"footnotes":""},"categories":[1],"tags":[],"class_list":["post-147914","post","type-post","status-publish","format-standard","has-post-thumbnail","hentry","category-informacion-general"],"_links":{"self":[{"href":"https:\/\/corrientesdetarde.com\/index.php\/wp-json\/wp\/v2\/posts\/147914","targetHints":{"allow":["GET"]}}],"collection":[{"href":"https:\/\/corrientesdetarde.com\/index.php\/wp-json\/wp\/v2\/posts"}],"about":[{"href":"https:\/\/corrientesdetarde.com\/index.php\/wp-json\/wp\/v2\/types\/post"}],"author":[{"embeddable":true,"href":"https:\/\/corrientesdetarde.com\/index.php\/wp-json\/wp\/v2\/users\/3"}],"replies":[{"embeddable":true,"href":"https:\/\/corrientesdetarde.com\/index.php\/wp-json\/wp\/v2\/comments?post=147914"}],"version-history":[{"count":1,"href":"https:\/\/corrientesdetarde.com\/index.php\/wp-json\/wp\/v2\/posts\/147914\/revisions"}],"predecessor-version":[{"id":147945,"href":"https:\/\/corrientesdetarde.com\/index.php\/wp-json\/wp\/v2\/posts\/147914\/revisions\/147945"}],"wp:featuredmedia":[{"embeddable":true,"href":"https:\/\/corrientesdetarde.com\/index.php\/wp-json\/wp\/v2\/media\/147915"}],"wp:attachment":[{"href":"https:\/\/corrientesdetarde.com\/index.php\/wp-json\/wp\/v2\/media?parent=147914"}],"wp:term":[{"taxonomy":"category","embeddable":true,"href":"https:\/\/corrientesdetarde.com\/index.php\/wp-json\/wp\/v2\/categories?post=147914"},{"taxonomy":"post_tag","embeddable":true,"href":"https:\/\/corrientesdetarde.com\/index.php\/wp-json\/wp\/v2\/tags?post=147914"}],"curies":[{"name":"wp","href":"https:\/\/api.w.org\/{rel}","templated":true}]}}