{"id":147932,"date":"2024-05-16T11:00:09","date_gmt":"2024-05-16T14:00:09","guid":{"rendered":"https:\/\/corrientesdetarde.com\/?p=147932"},"modified":"2024-05-16T11:00:10","modified_gmt":"2024-05-16T14:00:10","slug":"capacitan-en-alfabetizacion-digital-a-tutores-de-ninos-que-asisten-a-cdi-capitalinos","status":"publish","type":"post","link":"https:\/\/corrientesdetarde.com\/index.php\/informacion-general\/capacitan-en-alfabetizacion-digital-a-tutores-de-ninos-que-asisten-a-cdi-capitalinos\/","title":{"rendered":"Capacitan en alfabetizaci\u00f3n digital a tutores de ni\u00f1os que asisten a CDI capitalinos"},"content":{"rendered":"\n<p>El taller\u00a0incluye temas como huella digital, aplicaciones y utilidades profesionales, uso responsable y seguro, dispositivos y software, comunicaci\u00f3n y participaci\u00f3n ciudadana.\u00a0<\/p>\n\n\n\n<p>Los tutores de ni\u00f1os que asisten al Centro de Desarrollo Infantil (CDI) N\u00b0 10 del barrio Serantes fueron los primeros en recibir una capacitaci\u00f3n organizada por la Municipalidad que incluye temas como huella digital, aplicaciones y utilidades profesionales, uso responsable y seguro, dispositivos y software, comunicaci\u00f3n y participaci\u00f3n ciudadana. La misma actividad se repetir\u00e1 en los otros CDI durante todo el a\u00f1o.<\/p>\n\n\n\n<p>El Centro de Desarrollo Infantil (CDI) N\u00b0 10 del barrio Serantes fue el escenario de una capacitaci\u00f3n sobre alfabetizaci\u00f3n digital dirigida a los tutores de los ni\u00f1os que asisten a dicha instituci\u00f3n. Esta iniciativa, organizada por la Secretar\u00eda de Cultura y Educaci\u00f3n, busca promover el dominio de herramientas tecnol\u00f3gicas fundamentales en la era digital.<\/p>\n\n\n\n<p>\u00c1ngela Felipetti, la capacitadora a cargo, detall\u00f3 los beneficios de esta formaci\u00f3n: &#8220;Estamos trabajando para reducir la brecha digital, brindando herramientas que abren un abanico de posibilidades, desde el marketing hasta la inserci\u00f3n laboral. La respuesta de la comunidad ha sido muy positiva, con casos de mam\u00e1s emprendedoras que ya est\u00e1n generando ingresos gracias a las habilidades adquiridas&#8221;.<\/p>\n\n\n\n<p>La capacitaci\u00f3n incluye temas como huella digital, aplicaciones y utilidades profesionales, uso responsable y seguro, dispositivos y software, comunicaci\u00f3n y participaci\u00f3n ciudadana. Esto brinda la posibilidad de que los padres puedan aprender y desarrollarse en el mercado laboral.&nbsp;<\/p>\n\n\n\n<p>La directora del CDI, Diana Patricia Cochia, enfatiz\u00f3 la importancia de esta capacitaci\u00f3n para los tutores y familias: &#8220;Es fundamental comprender que la alfabetizaci\u00f3n digital va m\u00e1s all\u00e1 del simple uso del celular para mensajes o fotograf\u00edas. Estamos proporcionando herramientas que pueden ser \u00fatiles para el trabajo, la gesti\u00f3n de tr\u00e1mites y el crecimiento personal&#8221;.<\/p>\n\n\n\n<p>&#8220;Estamos aprendiendo a utilizar redes sociales y diversas aplicaciones para crear invitaciones y otros materiales. Este tipo de capacitaciones es fundamental, ya que muchos desconocemos estas herramientas y su potencial&#8221;, explic\u00f3 Soledad, una de las participantes.&nbsp;<\/p>\n\n\n\n<p>La jornada de este mi\u00e9rcoles fue el inicio de un programa que se extender\u00e1 a todos los Centros de Desarrollo Infantil que funcionan en la ciudad, con el objetivo de empoderar a las familias a trav\u00e9s del conocimiento tecnol\u00f3gico.<\/p>\n","protected":false},"excerpt":{"rendered":"<p>El taller\u00a0incluye temas como huella digital, aplicaciones y utilidades profesionales, uso responsable y seguro, dispositivos y software, comunicaci\u00f3n y participaci\u00f3n ciudadana.\u00a0 Los tutores de ni\u00f1os que asisten al Centro de&hellip; <\/p>\n","protected":false},"author":3,"featured_media":147934,"comment_status":"closed","ping_status":"open","sticky":false,"template":"","format":"standard","meta":{"footnotes":""},"categories":[1],"tags":[],"class_list":["post-147932","post","type-post","status-publish","format-standard","has-post-thumbnail","hentry","category-informacion-general"],"_links":{"self":[{"href":"https:\/\/corrientesdetarde.com\/index.php\/wp-json\/wp\/v2\/posts\/147932","targetHints":{"allow":["GET"]}}],"collection":[{"href":"https:\/\/corrientesdetarde.com\/index.php\/wp-json\/wp\/v2\/posts"}],"about":[{"href":"https:\/\/corrientesdetarde.com\/index.php\/wp-json\/wp\/v2\/types\/post"}],"author":[{"embeddable":true,"href":"https:\/\/corrientesdetarde.com\/index.php\/wp-json\/wp\/v2\/users\/3"}],"replies":[{"embeddable":true,"href":"https:\/\/corrientesdetarde.com\/index.php\/wp-json\/wp\/v2\/comments?post=147932"}],"version-history":[{"count":1,"href":"https:\/\/corrientesdetarde.com\/index.php\/wp-json\/wp\/v2\/posts\/147932\/revisions"}],"predecessor-version":[{"id":147943,"href":"https:\/\/corrientesdetarde.com\/index.php\/wp-json\/wp\/v2\/posts\/147932\/revisions\/147943"}],"wp:featuredmedia":[{"embeddable":true,"href":"https:\/\/corrientesdetarde.com\/index.php\/wp-json\/wp\/v2\/media\/147934"}],"wp:attachment":[{"href":"https:\/\/corrientesdetarde.com\/index.php\/wp-json\/wp\/v2\/media?parent=147932"}],"wp:term":[{"taxonomy":"category","embeddable":true,"href":"https:\/\/corrientesdetarde.com\/index.php\/wp-json\/wp\/v2\/categories?post=147932"},{"taxonomy":"post_tag","embeddable":true,"href":"https:\/\/corrientesdetarde.com\/index.php\/wp-json\/wp\/v2\/tags?post=147932"}],"curies":[{"name":"wp","href":"https:\/\/api.w.org\/{rel}","templated":true}]}}