{"id":147984,"date":"2024-05-16T14:24:58","date_gmt":"2024-05-16T17:24:58","guid":{"rendered":"https:\/\/corrientesdetarde.com\/?p=147984"},"modified":"2024-05-16T14:25:10","modified_gmt":"2024-05-16T17:25:10","slug":"dia-internacional-de-los-museos-con-mano-a-mano-con-la-obra","status":"publish","type":"post","link":"https:\/\/corrientesdetarde.com\/index.php\/cultura\/dia-internacional-de-los-museos-con-mano-a-mano-con-la-obra\/","title":{"rendered":"D\u00eda Internacional de los Museos con \u201cMano a mano con la obra\u201d"},"content":{"rendered":"\n<p>El Instituto de Cultura de Corrientes invita a la comunidad a participar de la actividad que se realizar\u00e1 este s\u00e1bado 18 de mayo, de 16 a 20, en el Museo de Bellas Artes (San Juan 634), como parte del ciclo \u201cMano a mano con la obra\u201d. Una iniciativa que fomenta un acercamiento al proceso creativo de los artistas visuales.<\/p>\n\n\n\n<p>Esta edici\u00f3n de la propuesta tendr\u00e1 lugar en el marco del D\u00eda Internacional de los Museos, cuya celebraci\u00f3n se realiza cada 18 de mayo desde 1977 y que constituye un momento excepcional para la comunidad muse\u00edstica internacional, para dar a conocer su patrimonio y las actividades que lleva adelante a lo largo del a\u00f1o.<\/p>\n\n\n\n<p>Este s\u00e1bado, de 16 a 20, nueve n\u00f3veles artistas con formaci\u00f3n en la Tecnicatura de Artes Visuales del Instituto Superior Josefina Contte estar\u00e1n realizando sus producciones en el patio del Museo de Bellas Artes bajo la coordinaci\u00f3n de la Prof. Miriam Lugo. Se trata de Gimena Colomba, Daniela Ocampo, Nicol\u00e1s Ca\u00f1ete, Alejandra Aguirre, Jonathan S\u00e1nchez, Laura Salinas, Janet G\u00f3mez, Alejandra Acosta y Augusto \u00c1lvarez, que mostrar\u00e1n en sus obras el proceso creativo.<\/p>\n\n\n\n<p>De esta manera, se apuntar\u00e1 a fomentar el di\u00e1logo artista-espectador, compartiendo sus intenciones y la inspiraci\u00f3n detr\u00e1s de las obras a realizar.<\/p>\n\n\n\n<p>Adem\u00e1s, se podr\u00e1 recorrer las muestras habilitadas en sus salas: \u201cCeremoniales Iconogr\u00e1ficos\u201d, exposici\u00f3n de Karina El Azem en la sala principal del Museo; \u201cMuseos Dom\u00e9sticos\u201d, exhibici\u00f3n presentada en el marco de la feria ArteCo; y la muestra permanente, con obras de las colecciones del Museo.<\/p>\n\n\n\n<p>Cabe recordar que los horarios del Museo son: de lunes a viernes de 8 a 12 \/17 a 20. S\u00e1bados, domingos y feriados de 8 a 12, y 16 a 20. Entrada libre y gratuita.<\/p>\n\n\n\n<p><strong>D\u00cdA DE LOS MUSEOS<\/strong><\/p>\n\n\n\n<p>El objetivo del D\u00eda Internacional de los Museos (DIM) es concientizar sobre el hecho de que los museos son un importante medio para el intercambio cultural, el enriquecimiento de las culturas, as\u00ed como para el desarrollo de la comprensi\u00f3n mutua, de la colaboraci\u00f3n y de la paz entre los pueblos.<\/p>\n\n\n\n<p>Organizados cada 18 de mayo o alrededor de esa fecha desde hace m\u00e1s de 40 a\u00f1os, los eventos y actividades planeados para celebrar el DIM pueden durar un d\u00eda, un fin de semana o incluso toda la semana. Cada vez son m\u00e1s los museos por todo el mundo que participan en esta celebraci\u00f3n mundial: el a\u00f1o pasado fueron 37.000 museos los que tomaron parte en el evento en 158 pa\u00edses y territorios.<\/p>\n\n\n\n<p>El tema de este a\u00f1o, \u201cMuseos por la educaci\u00f3n y la investigaci\u00f3n\u201d, subraya el papel fundamental de las instituciones culturales a la hora de proporcionar una experiencia educativa hol\u00edstica. Este d\u00eda aboga por un mundo m\u00e1s consciente, sostenible e integrador.<\/p>\n\n\n\n<p>Los museos son centros educativos din\u00e1micos que fomentan la curiosidad, la creatividad y el pensamiento cr\u00edtico. En 2024 se reconoce su contribuci\u00f3n a la investigaci\u00f3n, proporcionando una plataforma para la exploraci\u00f3n y la difusi\u00f3n de nuevas ideas. Desde el arte y la historia hasta la ciencia y la tecnolog\u00eda, los museos son espacios vitales donde la educaci\u00f3n y la investigaci\u00f3n convergen para dar forma a nuestra comprensi\u00f3n del mundo.<\/p>\n\n\n\n<figure class=\"wp-block-image size-full\"><img loading=\"lazy\" decoding=\"async\" width=\"720\" height=\"540\" src=\"https:\/\/corrientesdetarde.com\/wp-content\/uploads\/2024\/05\/image-398.png\" alt=\"\" class=\"wp-image-147985\" srcset=\"https:\/\/corrientesdetarde.com\/wp-content\/uploads\/2024\/05\/image-398.png 720w, https:\/\/corrientesdetarde.com\/wp-content\/uploads\/2024\/05\/image-398-300x225.png 300w\" sizes=\"auto, (max-width: 720px) 100vw, 720px\" \/><\/figure>\n","protected":false},"excerpt":{"rendered":"<p>El Instituto de Cultura de Corrientes invita a la comunidad a participar de la actividad que se realizar\u00e1 este s\u00e1bado 18 de mayo, de 16 a 20, en el Museo&hellip; <\/p>\n","protected":false},"author":8,"featured_media":147986,"comment_status":"closed","ping_status":"open","sticky":false,"template":"","format":"standard","meta":{"footnotes":""},"categories":[15],"tags":[],"class_list":["post-147984","post","type-post","status-publish","format-standard","has-post-thumbnail","hentry","category-cultura"],"_links":{"self":[{"href":"https:\/\/corrientesdetarde.com\/index.php\/wp-json\/wp\/v2\/posts\/147984","targetHints":{"allow":["GET"]}}],"collection":[{"href":"https:\/\/corrientesdetarde.com\/index.php\/wp-json\/wp\/v2\/posts"}],"about":[{"href":"https:\/\/corrientesdetarde.com\/index.php\/wp-json\/wp\/v2\/types\/post"}],"author":[{"embeddable":true,"href":"https:\/\/corrientesdetarde.com\/index.php\/wp-json\/wp\/v2\/users\/8"}],"replies":[{"embeddable":true,"href":"https:\/\/corrientesdetarde.com\/index.php\/wp-json\/wp\/v2\/comments?post=147984"}],"version-history":[{"count":1,"href":"https:\/\/corrientesdetarde.com\/index.php\/wp-json\/wp\/v2\/posts\/147984\/revisions"}],"predecessor-version":[{"id":147987,"href":"https:\/\/corrientesdetarde.com\/index.php\/wp-json\/wp\/v2\/posts\/147984\/revisions\/147987"}],"wp:featuredmedia":[{"embeddable":true,"href":"https:\/\/corrientesdetarde.com\/index.php\/wp-json\/wp\/v2\/media\/147986"}],"wp:attachment":[{"href":"https:\/\/corrientesdetarde.com\/index.php\/wp-json\/wp\/v2\/media?parent=147984"}],"wp:term":[{"taxonomy":"category","embeddable":true,"href":"https:\/\/corrientesdetarde.com\/index.php\/wp-json\/wp\/v2\/categories?post=147984"},{"taxonomy":"post_tag","embeddable":true,"href":"https:\/\/corrientesdetarde.com\/index.php\/wp-json\/wp\/v2\/tags?post=147984"}],"curies":[{"name":"wp","href":"https:\/\/api.w.org\/{rel}","templated":true}]}}