{"id":148021,"date":"2024-05-16T15:54:53","date_gmt":"2024-05-16T18:54:53","guid":{"rendered":"https:\/\/corrientesdetarde.com\/?p=148021"},"modified":"2024-05-16T15:54:58","modified_gmt":"2024-05-16T18:54:58","slug":"javier-milei-rumbo-a-espana","status":"publish","type":"post","link":"https:\/\/corrientesdetarde.com\/index.php\/nacionales\/javier-milei-rumbo-a-espana\/","title":{"rendered":"Javier Milei rumbo a Espa\u00f1a"},"content":{"rendered":"\n<p>El Presidente viaja este jueves y participara de un evento de Vox, el partido de derecha que lidera Santiago Abascal.<a href=\"https:\/\/www.clarin.com\/politica\/javier-milei-rumbo-espana-madrid-hablan-visita-privada-casa-rosada-dicen-viaje-personal_0_nUMoGdkKtP.html#\"><\/a><\/p>\n\n\n\n<p>A horas de la llegada del presidente Javier Milei a Madrid, la Casa Rosada afirm\u00f3 que&nbsp;<strong>\u201cno es una visita personal\u201d y que \u201clos gastos corren por cuenta del Estado nacional\u201d,&nbsp;<\/strong>mientras en los pasillos de la embajada argentina en Espa\u00f1a aseguran que se trata de&nbsp;<strong>un viaje \u201cprivado del presidente\u201d.<\/strong><\/p>\n\n\n\n<p>Milei anticip\u00f3 su salida de Buenos Aires para la tarde de este jueves y estar\u00e1 el fin de semana en la capital espa\u00f1ola, donde el domingo ser\u00e1 el invitado estrella del festival Viva 24 de Vox, el partido de extrema derecha que lidera Santiago Abascal, amigo y admirador del presidente argentino.<\/p>\n\n\n\n<p>Seg\u00fan el vocero Manuel Adorni, la promocionada presencia de Javier Milei en el festival de Vox es \u201cun pedacito m\u00e1s en la agenda del presidente\u201d, que ya tiene confirmadas reuniones con empresarios espa\u00f1oles.<\/p>\n\n\n\n<p>La lista incluir\u00eda a directivos de algunos grupos de peso en la econom\u00eda local y con presencia en Argentina como Telef\u00f3nica, Santander y Mapfre, con quienes el presidente se reunir\u00eda acompa\u00f1ado por la secretaria general de la presidencia, Karina Milei, y por el embajador argentino en Espa\u00f1a, Roberto Bosch.<\/p>\n\n\n\n<p>La agenda tiene prevista, para el viernes por la tarde, la presentaci\u00f3n de su libro \u201cEl camino del libertario\u201d en el auditorio madrile\u00f1o del diario La Raz\u00f3n.<\/p>\n\n\n\n<p>Milei aterrizar\u00e1 en Espa\u00f1a a dos semanas del roce diplom\u00e1tico que desencadenaron las consideraciones desafortunadas de un ministro del gobierno de Pedro S\u00e1nchez sobre el mandatario argentino.<\/p>\n\n\n\n<p>En una charla con estudiantes, Oscar Puente, ministro de Transporte espa\u00f1ol, insinu\u00f3 haber visto a Javier Milei por televisi\u00f3n bajo los efectos de \u201csustancias\u201d.<\/p>\n\n\n\n<p>En su cuenta de X, la Oficina del presidente argentino repudi\u00f3 \u201clas calumnias e injurias\u201d en un comunicado en el que se recomendaba al jefe del gobierno espa\u00f1ol ocuparse de temas m\u00e1s cruciales para su gesti\u00f3n como la investigaci\u00f3n a su esposa por presunto tr\u00e1fico de influencias.<\/p>\n\n\n\n<p>El Ministerio de Relaciones Exteriores de Espa\u00f1a respondi\u00f3 que esos t\u00e9rminos eran \u201cinapropiados\u201d e inst\u00f3 a recuperar el v\u00ednculo fraternal entre ambos pa\u00edses.<\/p>\n\n\n\n<p>La oposici\u00f3n a S\u00e1nchez y el ministro del Interior argentino, Guillermo Francos, pidieron la renuncia del ministro en cuesti\u00f3n quien, cuatro d\u00edas despu\u00e9s, se disculp\u00f3. \u201cSi hubiera tenido la m\u00ednima noci\u00f3n, y \u00e9se es quiz\u00e1 mi gran error, de que iba a tener la repercusi\u00f3n que ha tenido, no hubiera dicho lo que dije\u201d, dijo Puente.<\/p>\n\n\n\n<h2 class=\"wp-block-heading\">Sin cita con el rey Felipe VI<\/h2>\n\n\n\n<p>En esos d\u00edas circularon versiones seg\u00fan las cuales la Casa Rosada habr\u00eda iniciado gestiones para un posible encuentro del presidente Milei con el rey Felipe VI. Sin embargo, por protocolo y en su rol de jefe del Estado espa\u00f1ol, el rey no podr\u00eda recibir al mandatario argentino fuera del marco de un viaje de Estado o una visita oficial que incluyera, sin excepci\u00f3n, un encuentro con el jefe del gobierno Pedro S\u00e1nchez.<\/p>\n\n\n\n<p>La falta de sinton\u00eda entre el socialdem\u00f3crata espa\u00f1ol y el presidente libertario no es un secreto. Durante la campa\u00f1a electoral para las elecciones en Argentina, S\u00e1nchez, a quien el ex presidente Alberto Fern\u00e1ndez considera \u201cun amigo\u201d, envi\u00f3 un video de apoyo al candidato de Uni\u00f3n por la Patria, Sergio Massa.<\/p>\n\n\n\n<h2 class=\"wp-block-heading\">\u201cVer a Milei\u201d<\/h2>\n\n\n\n<p>En Madrid a Javier Milei lo esperan los compatriotas que acaban de crear la Asociaci\u00f3n Liberales Argentinos en Espa\u00f1a. Les encantar\u00eda poder reunirse con el presidente a quien apoyan \u201ca 10 mil kil\u00f3metros\u201d. Y confirmaron que el domingo estar\u00e1n en el festival de Vox: \u201cNo es en apoyo a Vox. Vamos a ver a Milei\u201d, asegur\u00f3 a Clar\u00edn Andr\u00e9s Bianchi, presidente de la asociaci\u00f3n.<\/p>\n\n\n\n<p>Si no lo lograran esta vez, apuntan a conseguir cita el 21 de junio, cuando Milei regrese a Espa\u00f1a para recibir un premio.<\/p>\n\n\n\n<p>Porque en un mes, Javier Gerardo Milei ser\u00e1 el homenajeado en la Cena de la Libertad del Instituto Juan de Mariana, un think tank de referencia en lengua hispana para liberales.<\/p>\n\n\n\n<p>Durante la exclusiva comida, que se celebrar\u00e1 en el Casino de Madrid y a la que s\u00f3lo podr\u00e1n acudir los miembros del Instituto que hayan abonado los 150 euros que cuesta el cubierto, Javier Milei recibir\u00e1 el Premio Juan de Mariana 2024, una distinci\u00f3n que recibieron, entre otras personalidades, el Nobel de Literatura Mario Vargas Llosa, en 2012; el economista Robert Higgs, en 2015, y uno de los referentes econ\u00f3micos e ideol\u00f3gicos de Milei, el economista y profesor espa\u00f1ol Jes\u00fas Huerta de Soto, en 2016.<\/p>\n\n\n\n<p>Clar\u00edn consult\u00f3 al director de Instituto Juan de Mariana, Manuel Llamas, si tiene previsto un encuentro con el presidente argentino en este viaje, antes de la ceremonia del 21 de junio.<\/p>\n\n\n\n<p>\u201cEstamos en contacto con su equipo de cara a la entrega del premio en junio\u201d, confirm\u00f3 Llamas y profundiz\u00f3 los motivos por los que el instituto que dirige eligi\u00f3 este a\u00f1o galardonar al presidente argentino.<\/p>\n\n\n\n<p>\u201cEste a\u00f1o el premiado es Javier Milei porque desde nuestro punto de vista, Javier ha hecho historia\u201d, dice Llamas, quien fue vice consejero de Econom\u00eda de la Comunidad de Madrid que gobierna Isabel D\u00edaz Ayuso.<\/p>\n\n\n\n<p>\u201cHa logrado convertirse en el primer presidente libertario de la historia. No hay ning\u00fan antecedente al respecto -subraya-. Ha contribuido y est\u00e1 contribuyendo de forma muy importante y positiva a la divulgaci\u00f3n de las ideas de la libertad y a la defensa de las ideas de la libertad.\u201d<\/p>\n\n\n\n<h2 class=\"wp-block-heading\">Cambio de rumbo<\/h2>\n\n\n\n<p>\u201cEl gran \u00e9xito de Javier Milei radica en haber logrado cambiar la cultura pol\u00edtica de Argentina, un pa\u00eds en el que por desgracia, hace much\u00edsimos a\u00f1os, casi m\u00e1s de 90 a\u00f1os, inici\u00f3 una deriva de deterioro pol\u00edtico, econ\u00f3mico, institucional, como consecuencia del \u00e9xito y la implantaci\u00f3n que han cosechado ideas equivocadas, las ideas relativas y asociadas con el socialismo\u201d, opina el director del Instituto Juan de Mariana.<\/p>\n\n\n\n<p>Llamas, que es adem\u00e1s analista econ\u00f3mico, sostiene que \u201cMilei ha logrado lo que nunca antes se hab\u00eda logrado: difundir y comunicar con \u00e9xito y eficacia las ideas de la libertad para que much\u00edsimos argentinos decidan apostar por un cambio de rumbo con el fin de recuperar la riqueza y el bienestar que tuvieron y que por desgracia perdieron como consecuencia del socialismo y del \u00e9xito del peronismo\u201d.<\/p>\n\n\n\n<h2 class=\"wp-block-heading\">Fiesta patri\u00f3tica<\/h2>\n\n\n\n<p>El domingo, en el Palacio Vistalegre Arena de Madrid, el presidente Javier Milei ser\u00e1 el orador de honor del festival Viva 24, \u201cla fiesta patri\u00f3tica\u201d de Vox. Dar\u00e1 en persona su apoyo a Santiago Abascal, amigo y l\u00edder de ese partido espa\u00f1ol, para las elecciones al Parlamento europeo que se celebrar\u00e1n en junio.<\/p>\n\n\n\n<p>Prometieron su presencia tambi\u00e9n la l\u00edder de la derecha francesa Marine Le Pen, el ex primer ministro polaco,&nbsp;Mateusz Morawiecki,&nbsp;y Jos\u00e9 Antonio Kast, del&nbsp;Partido Republicano&nbsp;chileno.<\/p>\n\n\n\n<p>La primera ministra italiana,&nbsp;Giorgia Meloni, y el primer ministro h\u00fangaro,&nbsp;Viktor Orban, participar\u00e1n por videoconferencia.<\/p>\n\n\n\n<p>No ser\u00e1 la primera vez para el presidente Javier Milei. En 2022 pas\u00f3 por el escenario del festival de Vox donde, asombrado porque el p\u00fablico coreaba su nombre, confes\u00f3: \u201cNo cre\u00ed que de este lado del Atl\u00e1ntico me conoc\u00edan tanto\u201d.<\/p>\n\n\n\n<p>\u201c\u00a1No tengan miedo. Vayan y den la batalla contra el zurder\u00edo que se la vamos a ganar!\u201d, arengaba por entonces el l\u00edder de La Libertad Avanza. Un a\u00f1o despu\u00e9s, se encaminaba a ganar las elecciones.<\/p>\n","protected":false},"excerpt":{"rendered":"<p>El Presidente viaja este jueves y participara de un evento de Vox, el partido de derecha que lidera Santiago Abascal. A horas de la llegada del presidente Javier Milei a&hellip; <\/p>\n","protected":false},"author":8,"featured_media":148022,"comment_status":"closed","ping_status":"open","sticky":false,"template":"","format":"standard","meta":{"footnotes":""},"categories":[10],"tags":[],"class_list":["post-148021","post","type-post","status-publish","format-standard","has-post-thumbnail","hentry","category-nacionales"],"_links":{"self":[{"href":"https:\/\/corrientesdetarde.com\/index.php\/wp-json\/wp\/v2\/posts\/148021","targetHints":{"allow":["GET"]}}],"collection":[{"href":"https:\/\/corrientesdetarde.com\/index.php\/wp-json\/wp\/v2\/posts"}],"about":[{"href":"https:\/\/corrientesdetarde.com\/index.php\/wp-json\/wp\/v2\/types\/post"}],"author":[{"embeddable":true,"href":"https:\/\/corrientesdetarde.com\/index.php\/wp-json\/wp\/v2\/users\/8"}],"replies":[{"embeddable":true,"href":"https:\/\/corrientesdetarde.com\/index.php\/wp-json\/wp\/v2\/comments?post=148021"}],"version-history":[{"count":1,"href":"https:\/\/corrientesdetarde.com\/index.php\/wp-json\/wp\/v2\/posts\/148021\/revisions"}],"predecessor-version":[{"id":148023,"href":"https:\/\/corrientesdetarde.com\/index.php\/wp-json\/wp\/v2\/posts\/148021\/revisions\/148023"}],"wp:featuredmedia":[{"embeddable":true,"href":"https:\/\/corrientesdetarde.com\/index.php\/wp-json\/wp\/v2\/media\/148022"}],"wp:attachment":[{"href":"https:\/\/corrientesdetarde.com\/index.php\/wp-json\/wp\/v2\/media?parent=148021"}],"wp:term":[{"taxonomy":"category","embeddable":true,"href":"https:\/\/corrientesdetarde.com\/index.php\/wp-json\/wp\/v2\/categories?post=148021"},{"taxonomy":"post_tag","embeddable":true,"href":"https:\/\/corrientesdetarde.com\/index.php\/wp-json\/wp\/v2\/tags?post=148021"}],"curies":[{"name":"wp","href":"https:\/\/api.w.org\/{rel}","templated":true}]}}