{"id":148039,"date":"2024-05-16T16:45:02","date_gmt":"2024-05-16T19:45:02","guid":{"rendered":"https:\/\/corrientesdetarde.com\/?p=148039"},"modified":"2024-05-16T16:45:06","modified_gmt":"2024-05-16T19:45:06","slug":"gabriela-sabatini-cumple-54-anos-el-exigente-desafio-del-que-participo-en-italia-antes-del-festejo","status":"publish","type":"post","link":"https:\/\/corrientesdetarde.com\/index.php\/deportes\/gabriela-sabatini-cumple-54-anos-el-exigente-desafio-del-que-participo-en-italia-antes-del-festejo\/","title":{"rendered":"Gabriela Sabatini cumple 54 a\u00f1os: el exigente desaf\u00edo del que particip\u00f3 en Italia antes del festejo"},"content":{"rendered":"\n<p>La extenista, s\u00edmbolo del deporte argentino, recibi\u00f3 una catarata de saludos en las redes sociales.<\/p>\n\n\n\n<p>Gabriela Sabatini cumple\u00a0<strong>54 a\u00f1os<\/strong>\u00a0este jueves y el festej\u00f3 ser\u00e1 en Italia, donde en las \u00faltimas horas<strong>\u00a0particip\u00f3 de un exigente desaf\u00edo<\/strong>\u00a0junto a atletas paral\u00edmpicos y juniors del ciclismo argentino.<\/p>\n\n\n\n<p>Este mi\u00e9rcoles, la extenista mostr\u00f3 en redes sociales que fue parte de una iniciativa que la reuni\u00f3 con otros atletas albicelestes en el pa\u00eds europeo.<\/p>\n\n\n\n<p>\u201cMaravillosa experiencia junto a estos grandes atletas paraolimpicos y juniors del ciclismo argentino dando la vuelta al Lago di Garda. \u00a1Cu\u00e1nta inspiraci\u00f3n, los admiro mucho!\u201d, escribi\u00f3 Gaby en su cuenta de Instagram junto a una serie de fotos en la que se la ve junto al grupo arriba de la bicicleta.<\/p>\n\n\n\n<figure class=\"wp-block-image\"><img decoding=\"async\" src=\"https:\/\/tn.com.ar\/resizer\/S9D5QhXqSEX0O5a0DsbIReTDZjE=\/767x0\/smart\/filters:format(webp)\/cloudfront-us-east-1.images.arcpublishing.com\/artear\/LGDOPT2OEZBGZKNGNFL64RUXPU.jpg\" alt=\"Gabriela Sabatini particip\u00f3 de un desaf\u00edo de ciclismo con atletas paral\u00edmpicos argentinos en Italia (Foto: Instagram @sabatinigaby)\"\/><\/figure>\n\n\n\n<figure class=\"wp-block-image\"><img decoding=\"async\" src=\"https:\/\/tn.com.ar\/resizer\/qMX9VzKXaOVAZG6YzqqS17MlSso=\/767x0\/smart\/filters:format(webp)\/cloudfront-us-east-1.images.arcpublishing.com\/artear\/OOWBUCWUCVDQJF7JXS2IPVUISE.jpg\" alt=\"Gabriela Sabatini particip\u00f3 de un desaf\u00edo de ciclismo con atletas paral\u00edmpicos argentinos en Italia (Foto: Instagram @sabatinigaby)\"\/><\/figure>\n\n\n\n<p>Seg\u00fan inform\u00f3 el sitio&nbsp;<em>Paradeportes<\/em>, Sabatini pedale\u00f3 junto a los atletas paral\u00edmpicos Mariela Delgado, Mar\u00eda Jos\u00e9 Quiroga, Micaela Barroso, Rodrigo L\u00f3pez, Maximiliano G\u00f3mez, Sebasti\u00e1n Tolosa, Federico Ambrossi y el entrenador Mart\u00edn \u201cPampa\u201d Ferrari en la previa de la Copa del Mundo, que ser\u00e1 del 17 al 19 de mayo.<\/p>\n\n\n\n<figure class=\"wp-block-image\"><img decoding=\"async\" src=\"https:\/\/tn.com.ar\/resizer\/QmUZDPBY6T4uivbS3Hn3NBL2SQ0=\/767x0\/smart\/filters:format(webp)\/cloudfront-us-east-1.images.arcpublishing.com\/artear\/JTYQIISAAFCQDBNFXUTLJ5RBDI.jpg\" alt=\"Gabriela Sabatini particip\u00f3 de un desaf\u00edo de ciclismo con atletas paral\u00edmpicos argentinos en Italia (Foto: Instagram @sabatinigaby)\"\/><\/figure>\n\n\n\n<figure class=\"wp-block-image\"><img decoding=\"async\" src=\"https:\/\/tn.com.ar\/resizer\/_admfdXWLJyZ1XuCl67rEe18xXE=\/767x0\/smart\/filters:format(webp)\/cloudfront-us-east-1.images.arcpublishing.com\/artear\/UBKOG5CGSBCE3B6H6YGIKZGW4Y.jpg\" alt=\"Gabriela Sabatini particip\u00f3 de un desaf\u00edo de ciclismo con atletas paral\u00edmpicos argentinos en Italia (Foto: Instagram @sabatinigaby)\"\/><\/figure>\n\n\n\n<h2 class=\"wp-block-heading\">Los saludos para Gabriela Sabatini en el d\u00eda de su cumplea\u00f1os<\/h2>\n\n\n\n<p>Las redes sociales se llenaron de saludos y felicitaciones en el d\u00eda del cumplea\u00f1os numero 54 a\u00f1os de la mejor tenista de la historia nacional. Familiares, periodistas y colegas le hicieron llegar sus buenos deseos<\/p>\n\n\n\n<p>Guillermo Coria, la Asociaci\u00f3n Argentina de Tenis y Gisela Dulko, entre otros, celebraron a Sabatini en su d\u00eda con emotivos posteos.<\/p>\n\n\n\n<p>Sabatini, radicada en Europa hace ya algunos a\u00f1os, lleg\u00f3 a ser n\u00famero tres del mundo en el ranking de la WTA y es, sin lugar a dudas, una de las deportistas m\u00e1s destacadas de la historia argentina.<\/p>\n\n\n\n<p>En su impresionante carrera entre 1985 y 1996, levant\u00f3 27 trofeos en torneos profesionales individuales y con s\u00f3lo 14 a\u00f1os, fue campeona junior en Roland Garro enfrentando incluso a tenistas hasta 4 a\u00f1os mayores que ella.<\/p>\n\n\n\n<p>Otros de sus logros fueron la medalla de plata en los Juegos Ol\u00edmpicos de Se\u00fal en 1984 -donde tambi\u00e9n fue elegida como abanderada argentina- y dos Masters, en 1988 y 1994. Sin embargo, su m\u00e1xima e inolvidable conquista fue la&nbsp;<strong>victoria sobre la alemana Steffi Graf<\/strong>&nbsp;para quedarse con el US Open, el 8 de septiembre de 1990. Y hasta ahora es la \u00fanica argentina ganadora de un Grand Slam.<\/p>\n","protected":false},"excerpt":{"rendered":"<p>La extenista, s\u00edmbolo del deporte argentino, recibi\u00f3 una catarata de saludos en las redes sociales. Gabriela Sabatini cumple\u00a054 a\u00f1os\u00a0este jueves y el festej\u00f3 ser\u00e1 en Italia, donde en las \u00faltimas&hellip; <\/p>\n","protected":false},"author":8,"featured_media":148040,"comment_status":"closed","ping_status":"open","sticky":false,"template":"","format":"standard","meta":{"footnotes":""},"categories":[4],"tags":[],"class_list":["post-148039","post","type-post","status-publish","format-standard","has-post-thumbnail","hentry","category-deportes"],"_links":{"self":[{"href":"https:\/\/corrientesdetarde.com\/index.php\/wp-json\/wp\/v2\/posts\/148039","targetHints":{"allow":["GET"]}}],"collection":[{"href":"https:\/\/corrientesdetarde.com\/index.php\/wp-json\/wp\/v2\/posts"}],"about":[{"href":"https:\/\/corrientesdetarde.com\/index.php\/wp-json\/wp\/v2\/types\/post"}],"author":[{"embeddable":true,"href":"https:\/\/corrientesdetarde.com\/index.php\/wp-json\/wp\/v2\/users\/8"}],"replies":[{"embeddable":true,"href":"https:\/\/corrientesdetarde.com\/index.php\/wp-json\/wp\/v2\/comments?post=148039"}],"version-history":[{"count":1,"href":"https:\/\/corrientesdetarde.com\/index.php\/wp-json\/wp\/v2\/posts\/148039\/revisions"}],"predecessor-version":[{"id":148041,"href":"https:\/\/corrientesdetarde.com\/index.php\/wp-json\/wp\/v2\/posts\/148039\/revisions\/148041"}],"wp:featuredmedia":[{"embeddable":true,"href":"https:\/\/corrientesdetarde.com\/index.php\/wp-json\/wp\/v2\/media\/148040"}],"wp:attachment":[{"href":"https:\/\/corrientesdetarde.com\/index.php\/wp-json\/wp\/v2\/media?parent=148039"}],"wp:term":[{"taxonomy":"category","embeddable":true,"href":"https:\/\/corrientesdetarde.com\/index.php\/wp-json\/wp\/v2\/categories?post=148039"},{"taxonomy":"post_tag","embeddable":true,"href":"https:\/\/corrientesdetarde.com\/index.php\/wp-json\/wp\/v2\/tags?post=148039"}],"curies":[{"name":"wp","href":"https:\/\/api.w.org\/{rel}","templated":true}]}}