{"id":148042,"date":"2024-05-16T16:50:34","date_gmt":"2024-05-16T19:50:34","guid":{"rendered":"https:\/\/corrientesdetarde.com\/?p=148042"},"modified":"2024-05-16T16:50:38","modified_gmt":"2024-05-16T19:50:38","slug":"villarruel-y-francos-mantuvieron-una-reunion-urgente-para-intentar-destrabar-el-dictamen-de-la-ley-bases","status":"publish","type":"post","link":"https:\/\/corrientesdetarde.com\/index.php\/nacionales\/villarruel-y-francos-mantuvieron-una-reunion-urgente-para-intentar-destrabar-el-dictamen-de-la-ley-bases\/","title":{"rendered":"Villarruel y Francos mantuvieron una reuni\u00f3n urgente para intentar destrabar el dictamen de la Ley Bases"},"content":{"rendered":"\n<p><a href=\"https:\/\/tn.com.ar\/autor\/Ffraquelli\/\"><\/a><\/p>\n\n\n\n<p>De la cumbre tambi\u00e9n particip\u00f3 el vicejefe de Gabinete, Jos\u00e9 Rolandi. Cambios en la letra del R\u00e9gimen de grandes inversiones, Ganancias y el blanqueo de capitales.<\/p>\n\n\n\n<p>Mientras el plenario de las comisiones de Legislaci\u00f3n General, Asuntos Constitucionales y Presupuesto recibe a los expositores por el debate de la ley de Bases, entre ellos a<strong>\u00a0Estela de Carlotto,<\/strong>\u00a0titular de Abuelas de Plaza de Mayo, la vicepresidenta\u00a0Victoria Villaruel se\u00a0<strong>reuni\u00f3\u00a0<\/strong>en su despacho del primer piso con el ministro del Interior, Guillermo Franco,\u00a0y el vicejefe de Gabinete,\u00a0<strong>Jos\u00e9 Rolandi.<\/strong><\/p>\n\n\n\n<p>Fuentes del gobierno le se\u00f1alaron\u00a0que van a mejorar la propuesta del r\u00e9gimen de inversiones en relaci\u00f3n a lo que sancion\u00f3 Diputados,\u00a0<strong>\u201cponer en igualdad de condiciones a los proveedores locales\u201d<\/strong>, se\u00f1alan. Otro de los cap\u00edtulos a modificar est\u00e1 vinculado a los temas fiscales, siempre pensando en no poner en jaque el equilibrio fiscal que impulsa el gobierno.<\/p>\n\n\n\n<p>Las&nbsp;<strong>diferencias&nbsp;<\/strong>entre la sanci\u00f3n en la C\u00e1mara de Diputados y las modificaciones que plantean los senadores de la oposici\u00f3n dialoguista son varias, entre ellas el cap\u00edtulo referido al R\u00e9gimen de incentivo a las<strong>&nbsp;grandes inversiones,&nbsp;<\/strong>las modificaciones al&nbsp;<strong>impuesto las ganancias&nbsp;<\/strong>y&nbsp;<strong>Blanqueo&nbsp;<\/strong>de capitales.<\/p>\n\n\n\n<p>Esas&nbsp;<strong>diferencias&nbsp;<\/strong>ya las marcaron los senadores dialoguistas, como los radicales&nbsp;<strong>Mart\u00edn Lousteau,<\/strong>&nbsp;Pablo Blanco y Maximiliano Abad, el salte\u00f1o Juan Carlos Romero y la senadora del PRO<strong>&nbsp;Guadalupe Tagliaferri&nbsp;<\/strong>en las comisiones.<\/p>\n\n\n\n<p>Los senadores reciben a una nueva tanda de expositores propuestos por los legisladores. Mart\u00edn Reydo de la fundaci\u00f3n Fundar, Alfredo Gonz\u00e1lez, titular de Came, Pedro Pascuttini de la C\u00e1mara del Tabaco de Jujuy y Noelia Villafa\u00f1e de Monotributistas asociados de la Rep\u00fablica Argentina, entre varios invitados.<\/p>\n\n\n\n<h2 class=\"wp-block-heading\">Javier Milei adelant\u00f3 su viaje a Espa\u00f1a<\/h2>\n\n\n\n<p>Javier Milei anticip\u00f3 su viaje a\u00a0Espa\u00f1a para participar de la cumbre de ultraderecha \u201cEuropa Viva 24\u2033, que organiza el diputado y presidente de Vox, Santiago Abascal, en el Palacio Vistalegre de la ciudad de Madrid.<\/p>\n\n\n\n<p>Seg\u00fan pudo saber , lo acompa\u00f1ar\u00e1 la secretaria general de la Presidencia, Karina Milei, y utilizar\u00e1n el Boeing 757-259, que compr\u00f3 Alberto Fern\u00e1ndez en 2022 por 25 millones de d\u00f3lares y tiene capacidad para 39 personas.<\/p>\n\n\n\n<p>El jefe de Estado no tiene previsto participar de ninguna reuni\u00f3n bilateral con el mandatario espa\u00f1ol, Pedro S\u00e1nchez, ni con el rey Felipe VI en este viaje, sino que lo har\u00eda a mediados de junio en otra visita.<\/p>\n\n\n\n<p>Partir\u00e1 este jueves a las 15 y tiene en agenda la presentaci\u00f3n de su libro \u201cEl camino del libertario\u201d el viernes a las 19:30 (horario espa\u00f1ol) en el auditorio del diario \u201cLa Raz\u00f3n\u201d en la ciudad de Madrid. Se reunir\u00e1 el s\u00e1bado a las 9 con CEOs de empresas espa\u00f1olas junto al embajador argentino en Espa\u00f1a, Roberto Bosch Est\u00e9vez.<\/p>\n","protected":false},"excerpt":{"rendered":"<p>De la cumbre tambi\u00e9n particip\u00f3 el vicejefe de Gabinete, Jos\u00e9 Rolandi. Cambios en la letra del R\u00e9gimen de grandes inversiones, Ganancias y el blanqueo de capitales. Mientras el plenario de&hellip; <\/p>\n","protected":false},"author":8,"featured_media":148043,"comment_status":"closed","ping_status":"open","sticky":false,"template":"","format":"standard","meta":{"footnotes":""},"categories":[10],"tags":[],"class_list":["post-148042","post","type-post","status-publish","format-standard","has-post-thumbnail","hentry","category-nacionales"],"_links":{"self":[{"href":"https:\/\/corrientesdetarde.com\/index.php\/wp-json\/wp\/v2\/posts\/148042","targetHints":{"allow":["GET"]}}],"collection":[{"href":"https:\/\/corrientesdetarde.com\/index.php\/wp-json\/wp\/v2\/posts"}],"about":[{"href":"https:\/\/corrientesdetarde.com\/index.php\/wp-json\/wp\/v2\/types\/post"}],"author":[{"embeddable":true,"href":"https:\/\/corrientesdetarde.com\/index.php\/wp-json\/wp\/v2\/users\/8"}],"replies":[{"embeddable":true,"href":"https:\/\/corrientesdetarde.com\/index.php\/wp-json\/wp\/v2\/comments?post=148042"}],"version-history":[{"count":1,"href":"https:\/\/corrientesdetarde.com\/index.php\/wp-json\/wp\/v2\/posts\/148042\/revisions"}],"predecessor-version":[{"id":148044,"href":"https:\/\/corrientesdetarde.com\/index.php\/wp-json\/wp\/v2\/posts\/148042\/revisions\/148044"}],"wp:featuredmedia":[{"embeddable":true,"href":"https:\/\/corrientesdetarde.com\/index.php\/wp-json\/wp\/v2\/media\/148043"}],"wp:attachment":[{"href":"https:\/\/corrientesdetarde.com\/index.php\/wp-json\/wp\/v2\/media?parent=148042"}],"wp:term":[{"taxonomy":"category","embeddable":true,"href":"https:\/\/corrientesdetarde.com\/index.php\/wp-json\/wp\/v2\/categories?post=148042"},{"taxonomy":"post_tag","embeddable":true,"href":"https:\/\/corrientesdetarde.com\/index.php\/wp-json\/wp\/v2\/tags?post=148042"}],"curies":[{"name":"wp","href":"https:\/\/api.w.org\/{rel}","templated":true}]}}