{"id":148109,"date":"2024-05-16T21:39:16","date_gmt":"2024-05-17T00:39:16","guid":{"rendered":"https:\/\/corrientesdetarde.com\/?p=148109"},"modified":"2024-05-16T21:39:28","modified_gmt":"2024-05-17T00:39:28","slug":"andres-malamud-brindara-una-conferencia-en-corrientes","status":"publish","type":"post","link":"https:\/\/corrientesdetarde.com\/index.php\/politica\/andres-malamud-brindara-una-conferencia-en-corrientes\/","title":{"rendered":"Andr\u00e9s Malamud brindar\u00e1 una conferencia en Corrientes"},"content":{"rendered":"\n<p>El polit\u00f3logo Andr\u00e9s Malamud brindar\u00e1 una conferencia este viernes a las 19 en el Auditorio Juli\u00e1n Zini de la ciudad de Corrientes. Con acceso libre para el p\u00fablico que desee asistir, all\u00ed abordar\u00e1 los distintos escenarios pol\u00edticos en la Argentina en el contexto de &#8220;Un mundo turbulento&#8221;. Organizan esta conferencia el Gobierno provincial y el Banco de Corrientes, con presencia confirmada del gobernador Gustavo Vald\u00e9s.<\/p>\n","protected":false},"excerpt":{"rendered":"<p>El polit\u00f3logo Andr\u00e9s Malamud brindar\u00e1 una conferencia este viernes a las 19 en el Auditorio Juli\u00e1n Zini de la ciudad de Corrientes. Con acceso libre para el p\u00fablico que desee&hellip; <\/p>\n","protected":false},"author":1,"featured_media":148112,"comment_status":"closed","ping_status":"open","sticky":false,"template":"","format":"standard","meta":{"footnotes":""},"categories":[3],"tags":[],"class_list":["post-148109","post","type-post","status-publish","format-standard","has-post-thumbnail","hentry","category-politica"],"_links":{"self":[{"href":"https:\/\/corrientesdetarde.com\/index.php\/wp-json\/wp\/v2\/posts\/148109","targetHints":{"allow":["GET"]}}],"collection":[{"href":"https:\/\/corrientesdetarde.com\/index.php\/wp-json\/wp\/v2\/posts"}],"about":[{"href":"https:\/\/corrientesdetarde.com\/index.php\/wp-json\/wp\/v2\/types\/post"}],"author":[{"embeddable":true,"href":"https:\/\/corrientesdetarde.com\/index.php\/wp-json\/wp\/v2\/users\/1"}],"replies":[{"embeddable":true,"href":"https:\/\/corrientesdetarde.com\/index.php\/wp-json\/wp\/v2\/comments?post=148109"}],"version-history":[{"count":1,"href":"https:\/\/corrientesdetarde.com\/index.php\/wp-json\/wp\/v2\/posts\/148109\/revisions"}],"predecessor-version":[{"id":148113,"href":"https:\/\/corrientesdetarde.com\/index.php\/wp-json\/wp\/v2\/posts\/148109\/revisions\/148113"}],"wp:featuredmedia":[{"embeddable":true,"href":"https:\/\/corrientesdetarde.com\/index.php\/wp-json\/wp\/v2\/media\/148112"}],"wp:attachment":[{"href":"https:\/\/corrientesdetarde.com\/index.php\/wp-json\/wp\/v2\/media?parent=148109"}],"wp:term":[{"taxonomy":"category","embeddable":true,"href":"https:\/\/corrientesdetarde.com\/index.php\/wp-json\/wp\/v2\/categories?post=148109"},{"taxonomy":"post_tag","embeddable":true,"href":"https:\/\/corrientesdetarde.com\/index.php\/wp-json\/wp\/v2\/tags?post=148109"}],"curies":[{"name":"wp","href":"https:\/\/api.w.org\/{rel}","templated":true}]}}