{"id":148157,"date":"2024-05-17T10:22:45","date_gmt":"2024-05-17T13:22:45","guid":{"rendered":"https:\/\/corrientesdetarde.com\/?p=148157"},"modified":"2024-05-17T10:22:49","modified_gmt":"2024-05-17T13:22:49","slug":"caa-cati-espera-avances-en-la-causa-del-nino-agredido","status":"publish","type":"post","link":"https:\/\/corrientesdetarde.com\/index.php\/interior\/caa-cati-espera-avances-en-la-causa-del-nino-agredido\/","title":{"rendered":"CA\u00c1 CAT\u00cd ESPERA AVANCES EN LA CAUSA DEL NI\u00d1O AGREDIDO"},"content":{"rendered":"\n<p>El pasado mi\u00e9rcoles 8 de mayo, un ni\u00f1o caacate\u00f1o de 8 a\u00f1os (identificado como &#8220;W&#8221;) fue internado de urgencia en el hospital Pedi\u00e1trico Juan Pablo II. El director de la Escuela N\u00b054 de Ca\u00e1 Cat\u00ed -adonde asiste el chico- realiz\u00f3 una denuncia ante la polic\u00eda luego de corroborar que ten\u00eda todo el cuerpo con moretones y excoriaciones a ra\u00edz de una descomunal paliza provocada por un familiar que lo ten\u00eda a su cuidado. El caso ingres\u00f3 a la \u00f3rbita del Juzgado de Familia N\u00b03 de Corrientes.El informe del periodista Ramon Sosa.<\/p>\n\n\n\n<p>Esta ma\u00f1ana el periodista Ram\u00f3n Sosa brind\u00f3 un informe desde Ca\u00e1 Cat\u00ed .<\/p>\n\n\n\n<p>La golpiza fue descubierta por otra t\u00eda del menor, luego de que el ni\u00f1o cambiara de domicilio y pasara a su cuidado.<\/p>\n\n\n\n<p>El director Walter Sandoval cont\u00f3&nbsp;el contexto familiar del chico, quien este a\u00f1o cambi\u00f3 varias veces de casa: pas\u00f3 de vivir con su abuelo Nicasio y su mam\u00e1 (que tiene una discapacidad), a la casa del hermano de su mam\u00e1 y su esposa (all\u00ed fue donde recibi\u00f3 los golpes), para finalmente terminar con otra t\u00eda (quien descubri\u00f3 las marcas), hermana de su mam\u00e1.<\/p>\n\n\n\n<p>Hasta el a\u00f1o pasado, quien se encargaba del menor era su abuelo, pero a comienzos de 2024 el hombre mayor comenz\u00f3 a recibir tratamiento oncol\u00f3gico y se vio imposibilitado de seguir llevando al chico al colegio, ya que vive a 7 km de Caa Cat\u00ed. Entonces, la esposa de su hijo se ofreci\u00f3 a albergar al ni\u00f1o en su casa y encargarse de su educaci\u00f3n. Ella y su marido viven en la periferia de la localidad, y debido a que el hombre trabaja en un hospital por la ma\u00f1ana y hace changas por la tarde, el chico pasaba la mayor parte del tiempo al cuidado de su t\u00eda pol\u00edtica.&nbsp;<\/p>\n\n\n\n<p>&#8220;No fueron golpes con la mano, porque tiene marcas. El nene manifest\u00f3 que fue con cinto, pero se nota que algo m\u00e1s pas\u00f3 por las marcas. Lo \u00fanico que lleg\u00f3 a decirme es que le pegaron porque no hizo la tarea. \u00c9l no dimensiona lo que le pas\u00f3&#8221;, detall\u00f3 Sandoval.<\/p>\n\n\n\n<p>Tras el chequeo m\u00e9dico y la denuncia, se determin\u00f3 la necesidad de que el menor fuera trasladado al Hospital Pedi\u00e1trico para su atenci\u00f3n m\u00e9dica, a donde permaneci\u00f3 internado por cinco d\u00edas.<\/p>\n\n\n\n<p>Afortunadamente, el ni\u00f1o ya fue dado de alta y este martes volvi\u00f3 a Caa Cat\u00ed. &#8220;Anoche volvi\u00f3 con su t\u00eda en el colectivo de la noche. Yo los esper\u00e9 en la terminal, y se lo ve contento, se lo ve bien. Muy probablemente hoy vuelva a clase&#8221;, cerr\u00f3.<\/p>\n","protected":false},"excerpt":{"rendered":"<p>El pasado mi\u00e9rcoles 8 de mayo, un ni\u00f1o caacate\u00f1o de 8 a\u00f1os (identificado como &#8220;W&#8221;) fue internado de urgencia en el hospital Pedi\u00e1trico Juan Pablo II. El director de la&hellip; <\/p>\n","protected":false},"author":12,"featured_media":148187,"comment_status":"closed","ping_status":"open","sticky":false,"template":"","format":"standard","meta":{"footnotes":""},"categories":[1658],"tags":[],"class_list":["post-148157","post","type-post","status-publish","format-standard","has-post-thumbnail","hentry","category-interior"],"_links":{"self":[{"href":"https:\/\/corrientesdetarde.com\/index.php\/wp-json\/wp\/v2\/posts\/148157","targetHints":{"allow":["GET"]}}],"collection":[{"href":"https:\/\/corrientesdetarde.com\/index.php\/wp-json\/wp\/v2\/posts"}],"about":[{"href":"https:\/\/corrientesdetarde.com\/index.php\/wp-json\/wp\/v2\/types\/post"}],"author":[{"embeddable":true,"href":"https:\/\/corrientesdetarde.com\/index.php\/wp-json\/wp\/v2\/users\/12"}],"replies":[{"embeddable":true,"href":"https:\/\/corrientesdetarde.com\/index.php\/wp-json\/wp\/v2\/comments?post=148157"}],"version-history":[{"count":1,"href":"https:\/\/corrientesdetarde.com\/index.php\/wp-json\/wp\/v2\/posts\/148157\/revisions"}],"predecessor-version":[{"id":148188,"href":"https:\/\/corrientesdetarde.com\/index.php\/wp-json\/wp\/v2\/posts\/148157\/revisions\/148188"}],"wp:featuredmedia":[{"embeddable":true,"href":"https:\/\/corrientesdetarde.com\/index.php\/wp-json\/wp\/v2\/media\/148187"}],"wp:attachment":[{"href":"https:\/\/corrientesdetarde.com\/index.php\/wp-json\/wp\/v2\/media?parent=148157"}],"wp:term":[{"taxonomy":"category","embeddable":true,"href":"https:\/\/corrientesdetarde.com\/index.php\/wp-json\/wp\/v2\/categories?post=148157"},{"taxonomy":"post_tag","embeddable":true,"href":"https:\/\/corrientesdetarde.com\/index.php\/wp-json\/wp\/v2\/tags?post=148157"}],"curies":[{"name":"wp","href":"https:\/\/api.w.org\/{rel}","templated":true}]}}