{"id":148161,"date":"2024-05-17T10:13:36","date_gmt":"2024-05-17T13:13:36","guid":{"rendered":"https:\/\/corrientesdetarde.com\/?p=148161"},"modified":"2024-05-17T10:13:48","modified_gmt":"2024-05-17T13:13:48","slug":"provincia-avanza-con-la-construccion-del-nuevo-edificio-del-mercado-ex-via","status":"publish","type":"post","link":"https:\/\/corrientesdetarde.com\/index.php\/informacion-general\/provincia-avanza-con-la-construccion-del-nuevo-edificio-del-mercado-ex-via\/","title":{"rendered":"PROVINCIA AVANZA CON LA CONSTRUCCI\u00d3N DEL NUEVO EDIFICIO DEL \u201cMERCADO EX V\u00cdA\u201d"},"content":{"rendered":"\n<p>El Gobierno Provincial, sin pausas y con recursos propios, contin\u00faa la construcci\u00f3n del nuevo edificio del \u201cMercado Ex V\u00eda\u201d, que prev\u00e9 en esta segunda etapa la infraestructura para 86 locales comerciales y la instalaci\u00f3n de p\u00f3rticos y escaleras de acceso, centr\u00e1ndose los trabajos en la actualidad en la colocaci\u00f3n de aberturas, cielorraso, pintura, e iluminaci\u00f3n del edificio. Tiene un avance de obra de m\u00e1s del 85%.<\/p>\n\n\n\n<p>El prop\u00f3sito de esta etapa constructiva es darle terminaci\u00f3n al interior del inmueble, ubicado en calle Lisandro Segovia entre Dr. R. Carrillo (Ex V\u00eda) y Lavalle, lindero al Mercado de Productos Frescos en el ba\u00adrrio San Mar\u00adt\u00edn de la ciudad capital.<\/p>\n\n\n\n<p>La obra fue dispuesta por el gobernador Gustavo Vald\u00e9s para dar soluci\u00f3n definitiva a las familias damnificadas que viv\u00edan del comercio en ese lugar que fuera arrasado&nbsp; por un incendio.&nbsp; Los trabajos son emprendidos por el Ministerio de Obras y Servicios P\u00fablicos, bajo la direcci\u00f3n t\u00e9cnica de su Coordinaci\u00f3n de Proyectos.<\/p>\n\n\n\n<p>El nuevo Mercado &nbsp;est\u00e1&nbsp; compuesto por una construcci\u00f3n en forma de prisma rectangular de bloques s\u00edmil piedra y un p\u00f3rtico tipo Superboard para enfatizar los accesos principales, &nbsp;y contempla la instalaci\u00f3n de 86 locales Comerciales , 42 en planta baja y 44 en Planta Alta, una sala de m\u00e1quinas, oficina administrativa y sanitarios masculinos y femeninos.<\/p>\n\n\n\n<p>Estado de la Obra<\/p>\n\n\n\n<p>Actualmente los trabajos se&nbsp; centran en la&nbsp;colocaci\u00f3n de cielorraso, pintura e iluminaci\u00f3n del edificio&nbsp; a efectos de dejar terminados los 86 box en cuanto a su infraestructura interna incluido el&nbsp;cerramiento frontal de cada uno de los locales comerciales.<\/p>\n\n\n\n<p>Tambi\u00e9n se intensificaron los trabajos de instalaci\u00f3n de aberturas y carpinter\u00edas met\u00e1licas en frentes a fin de ir emprolijando el cerramiento integral del edificio.<\/p>\n\n\n\n<p>En una tercera y \u00faltima etapa las acciones y trabajos se centrar\u00e1n en la provisi\u00f3n de instalaciones complementarias relacionadas con la seguridad contra Incendios&nbsp; as\u00ed como de las veredas perimetrales.<\/p>\n\n\n\n<figure class=\"wp-block-gallery has-nested-images columns-default is-cropped wp-block-gallery-1 is-layout-flex wp-block-gallery-is-layout-flex\">\n<figure class=\"wp-block-image size-large\"><img loading=\"lazy\" decoding=\"async\" width=\"1000\" height=\"750\" data-id=\"148168\" src=\"https:\/\/corrientesdetarde.com\/wp-content\/uploads\/2024\/05\/755547_grande-1.jpg\" alt=\"\" class=\"wp-image-148168\" srcset=\"https:\/\/corrientesdetarde.com\/wp-content\/uploads\/2024\/05\/755547_grande-1.jpg 1000w, https:\/\/corrientesdetarde.com\/wp-content\/uploads\/2024\/05\/755547_grande-1-300x225.jpg 300w, https:\/\/corrientesdetarde.com\/wp-content\/uploads\/2024\/05\/755547_grande-1-768x576.jpg 768w\" sizes=\"auto, (max-width: 1000px) 100vw, 1000px\" \/><\/figure>\n\n\n\n<figure class=\"wp-block-image size-large\"><img loading=\"lazy\" decoding=\"async\" width=\"1000\" height=\"743\" data-id=\"148167\" src=\"https:\/\/corrientesdetarde.com\/wp-content\/uploads\/2024\/05\/775544_grande.jpg\" alt=\"\" class=\"wp-image-148167\" srcset=\"https:\/\/corrientesdetarde.com\/wp-content\/uploads\/2024\/05\/775544_grande.jpg 1000w, https:\/\/corrientesdetarde.com\/wp-content\/uploads\/2024\/05\/775544_grande-300x223.jpg 300w, https:\/\/corrientesdetarde.com\/wp-content\/uploads\/2024\/05\/775544_grande-768x571.jpg 768w\" sizes=\"auto, (max-width: 1000px) 100vw, 1000px\" \/><\/figure>\n\n\n\n<figure class=\"wp-block-image size-large\"><img loading=\"lazy\" decoding=\"async\" width=\"1000\" height=\"645\" data-id=\"148170\" src=\"https:\/\/corrientesdetarde.com\/wp-content\/uploads\/2024\/05\/519344_grande.jpg\" alt=\"\" class=\"wp-image-148170\" srcset=\"https:\/\/corrientesdetarde.com\/wp-content\/uploads\/2024\/05\/519344_grande.jpg 1000w, https:\/\/corrientesdetarde.com\/wp-content\/uploads\/2024\/05\/519344_grande-300x194.jpg 300w, https:\/\/corrientesdetarde.com\/wp-content\/uploads\/2024\/05\/519344_grande-768x495.jpg 768w\" sizes=\"auto, (max-width: 1000px) 100vw, 1000px\" \/><\/figure>\n\n\n\n<figure class=\"wp-block-image size-large\"><img loading=\"lazy\" decoding=\"async\" width=\"1000\" height=\"785\" data-id=\"148169\" src=\"https:\/\/corrientesdetarde.com\/wp-content\/uploads\/2024\/05\/254942_grande.jpg\" alt=\"\" class=\"wp-image-148169\" srcset=\"https:\/\/corrientesdetarde.com\/wp-content\/uploads\/2024\/05\/254942_grande.jpg 1000w, https:\/\/corrientesdetarde.com\/wp-content\/uploads\/2024\/05\/254942_grande-300x236.jpg 300w, https:\/\/corrientesdetarde.com\/wp-content\/uploads\/2024\/05\/254942_grande-768x603.jpg 768w\" sizes=\"auto, (max-width: 1000px) 100vw, 1000px\" \/><\/figure>\n\n\n\n<figure class=\"wp-block-image size-large\"><img loading=\"lazy\" decoding=\"async\" width=\"768\" height=\"1024\" data-id=\"148173\" src=\"https:\/\/corrientesdetarde.com\/wp-content\/uploads\/2024\/05\/516584_grande-1-768x1024.jpg\" alt=\"\" class=\"wp-image-148173\" srcset=\"https:\/\/corrientesdetarde.com\/wp-content\/uploads\/2024\/05\/516584_grande-1-768x1024.jpg 768w, https:\/\/corrientesdetarde.com\/wp-content\/uploads\/2024\/05\/516584_grande-1-225x300.jpg 225w, https:\/\/corrientesdetarde.com\/wp-content\/uploads\/2024\/05\/516584_grande-1.jpg 1000w\" sizes=\"auto, (max-width: 768px) 100vw, 768px\" \/><\/figure>\n<\/figure>\n","protected":false},"excerpt":{"rendered":"<p>El Gobierno Provincial, sin pausas y con recursos propios, contin\u00faa la construcci\u00f3n del nuevo edificio del \u201cMercado Ex V\u00eda\u201d, que prev\u00e9 en esta segunda etapa la infraestructura para 86 locales&hellip; <\/p>\n","protected":false},"author":12,"featured_media":148166,"comment_status":"closed","ping_status":"open","sticky":false,"template":"","format":"standard","meta":{"footnotes":""},"categories":[1],"tags":[],"class_list":["post-148161","post","type-post","status-publish","format-standard","has-post-thumbnail","hentry","category-informacion-general"],"_links":{"self":[{"href":"https:\/\/corrientesdetarde.com\/index.php\/wp-json\/wp\/v2\/posts\/148161","targetHints":{"allow":["GET"]}}],"collection":[{"href":"https:\/\/corrientesdetarde.com\/index.php\/wp-json\/wp\/v2\/posts"}],"about":[{"href":"https:\/\/corrientesdetarde.com\/index.php\/wp-json\/wp\/v2\/types\/post"}],"author":[{"embeddable":true,"href":"https:\/\/corrientesdetarde.com\/index.php\/wp-json\/wp\/v2\/users\/12"}],"replies":[{"embeddable":true,"href":"https:\/\/corrientesdetarde.com\/index.php\/wp-json\/wp\/v2\/comments?post=148161"}],"version-history":[{"count":1,"href":"https:\/\/corrientesdetarde.com\/index.php\/wp-json\/wp\/v2\/posts\/148161\/revisions"}],"predecessor-version":[{"id":148174,"href":"https:\/\/corrientesdetarde.com\/index.php\/wp-json\/wp\/v2\/posts\/148161\/revisions\/148174"}],"wp:featuredmedia":[{"embeddable":true,"href":"https:\/\/corrientesdetarde.com\/index.php\/wp-json\/wp\/v2\/media\/148166"}],"wp:attachment":[{"href":"https:\/\/corrientesdetarde.com\/index.php\/wp-json\/wp\/v2\/media?parent=148161"}],"wp:term":[{"taxonomy":"category","embeddable":true,"href":"https:\/\/corrientesdetarde.com\/index.php\/wp-json\/wp\/v2\/categories?post=148161"},{"taxonomy":"post_tag","embeddable":true,"href":"https:\/\/corrientesdetarde.com\/index.php\/wp-json\/wp\/v2\/tags?post=148161"}],"curies":[{"name":"wp","href":"https:\/\/api.w.org\/{rel}","templated":true}]}}