{"id":148220,"date":"2024-05-17T11:41:28","date_gmt":"2024-05-17T14:41:28","guid":{"rendered":"https:\/\/corrientesdetarde.com\/?p=148220"},"modified":"2024-05-17T11:41:32","modified_gmt":"2024-05-17T14:41:32","slug":"bomba-tevez-anuncio-que-renuncia-como-dt-de-independiente","status":"publish","type":"post","link":"https:\/\/corrientesdetarde.com\/index.php\/deportes\/bomba-tevez-anuncio-que-renuncia-como-dt-de-independiente\/","title":{"rendered":"Bomba: Tevez anunci\u00f3 que renuncia como DT de Independiente"},"content":{"rendered":"\n<p>Luego de la derrota ante Talleres de C\u00f3rdoba en el Libertadores de Am\u00e9rica &#8211; Ricardo Enrique Bochini,\u00a0<strong>Carlos Tevez<\/strong>\u00a0tom\u00f3 la decisi\u00f3n de dar un paso al costado de la direcci\u00f3n t\u00e9cnica de\u00a0<strong>Independiente\u00a0<\/strong>y la misma ya fue comunicada al presidente de la instituci\u00f3n, N\u00e9stor Grindetti.<\/p>\n\n\n\n<p>El Apache estar\u00e1 al frente del equipo ante Platense, equipo que el Rojo visitar\u00e1 el pr\u00f3ximo domingo 19 de mayo a partir de las 15.30 y posteriormente finalizar\u00e1 oficialmente su v\u00ednculo con la instituci\u00f3n de Avellaneda. De esta manera, la Liga Profesional perdi\u00f3 a su primer DT de la temporada.<\/p>\n\n\n\n<p>El pasado s\u00e1bado, luego del 1-3 ante el elenco cordob\u00e9s en condici\u00f3n de local, los hinchas se expresaron en contra de&nbsp;<strong>Tevez&nbsp;<\/strong>mediante abucheos, silbidos e insultos. Esto, sumado a que el equipo no logr\u00f3 clasificar a playoffs en las \u00faltimas dos ediciones de la Copa de la Liga, derivaron en la salida del t\u00e9cnico.<\/p>\n\n\n\n<p>Desde su llegada, en el segundo semestre del 2023, el Apache dirigi\u00f3 un total de 31 partidos. En este lapso logr\u00f3 14 triunfos, 11 empates y seis derrotas.&nbsp;<strong>Independiente&nbsp;<\/strong>convirti\u00f3 un total de 36 goles y recibi\u00f3 24. Adem\u00e1s, en 13 oportunidades termin\u00f3 los 90 minutos con el arco en cero.<\/p>\n\n\n\n<p>De esta manera&nbsp;<strong>Carlos Tevez<\/strong>&nbsp;le puso fina a su segunda experiencia como DT, luego de lo que fue su debut en el banco de suplentes de Rosario Central, donde estuvo 23 partidos en la temporada 2022.<\/p>\n","protected":false},"excerpt":{"rendered":"<p>Luego de la derrota ante Talleres de C\u00f3rdoba en el Libertadores de Am\u00e9rica &#8211; Ricardo Enrique Bochini,\u00a0Carlos Tevez\u00a0tom\u00f3 la decisi\u00f3n de dar un paso al costado de la direcci\u00f3n t\u00e9cnica&hellip; <\/p>\n","protected":false},"author":12,"featured_media":148227,"comment_status":"closed","ping_status":"open","sticky":false,"template":"","format":"standard","meta":{"footnotes":""},"categories":[4],"tags":[],"class_list":["post-148220","post","type-post","status-publish","format-standard","has-post-thumbnail","hentry","category-deportes"],"_links":{"self":[{"href":"https:\/\/corrientesdetarde.com\/index.php\/wp-json\/wp\/v2\/posts\/148220","targetHints":{"allow":["GET"]}}],"collection":[{"href":"https:\/\/corrientesdetarde.com\/index.php\/wp-json\/wp\/v2\/posts"}],"about":[{"href":"https:\/\/corrientesdetarde.com\/index.php\/wp-json\/wp\/v2\/types\/post"}],"author":[{"embeddable":true,"href":"https:\/\/corrientesdetarde.com\/index.php\/wp-json\/wp\/v2\/users\/12"}],"replies":[{"embeddable":true,"href":"https:\/\/corrientesdetarde.com\/index.php\/wp-json\/wp\/v2\/comments?post=148220"}],"version-history":[{"count":1,"href":"https:\/\/corrientesdetarde.com\/index.php\/wp-json\/wp\/v2\/posts\/148220\/revisions"}],"predecessor-version":[{"id":148228,"href":"https:\/\/corrientesdetarde.com\/index.php\/wp-json\/wp\/v2\/posts\/148220\/revisions\/148228"}],"wp:featuredmedia":[{"embeddable":true,"href":"https:\/\/corrientesdetarde.com\/index.php\/wp-json\/wp\/v2\/media\/148227"}],"wp:attachment":[{"href":"https:\/\/corrientesdetarde.com\/index.php\/wp-json\/wp\/v2\/media?parent=148220"}],"wp:term":[{"taxonomy":"category","embeddable":true,"href":"https:\/\/corrientesdetarde.com\/index.php\/wp-json\/wp\/v2\/categories?post=148220"},{"taxonomy":"post_tag","embeddable":true,"href":"https:\/\/corrientesdetarde.com\/index.php\/wp-json\/wp\/v2\/tags?post=148220"}],"curies":[{"name":"wp","href":"https:\/\/api.w.org\/{rel}","templated":true}]}}