{"id":148221,"date":"2024-05-17T11:40:15","date_gmt":"2024-05-17T14:40:15","guid":{"rendered":"https:\/\/corrientesdetarde.com\/?p=148221"},"modified":"2024-05-17T11:40:27","modified_gmt":"2024-05-17T14:40:27","slug":"vouchers-educativos-cuantos-inscriptos-hubo-y-cuando-se-comenzaran-a-cobrar","status":"publish","type":"post","link":"https:\/\/corrientesdetarde.com\/index.php\/economia\/vouchers-educativos-cuantos-inscriptos-hubo-y-cuando-se-comenzaran-a-cobrar\/","title":{"rendered":"Vouchers educativos: cu\u00e1ntos inscriptos hubo y cu\u00e1ndo se comenzar\u00e1n a cobrar"},"content":{"rendered":"\n<p>La\u00a0Administraci\u00f3n Nacional de la Seguridad Social (<strong>Anses<\/strong>)\u00a0informar\u00e1 el pr\u00f3ximo lunes 20 de mayo cu\u00e1l ser\u00e1 el primer\u00a0<strong>cronograma\u00a0<\/strong>de pago del programa &#8220;<strong>Vouchers Educativos&#8221;<\/strong>. El mismo corresponde a las familias que se hayan inscripto entre el 3 y el 18 de abril para solicitar la ayuda econ\u00f3mica que brindar\u00e1 el Gobierno nacional a estudiantes\u00a0de hasta 18 a\u00f1os, que asisten a instituciones educativas p\u00fablicas de gesti\u00f3n privada en todos los niveles (inicial, primario y secundario) con al menos 75 % de aporte estatal.<\/p>\n\n\n\n<p>Se trata del pago a&nbsp;la primera tanda de inscriptos, cuyas familias&nbsp;recibir\u00e1n en sus cuentas bancarias seg\u00fan el CBU actualizado en el portal de la&nbsp;<strong>Anses&nbsp;<\/strong>el pago del 50% del valor del arancel de jornada simple del colegio&nbsp;con un tope de hasta $27.198 por hijo inscripto.<\/p>\n\n\n\n<figure class=\"wp-block-image\"><img decoding=\"async\" src=\"https:\/\/www.mdzol.com\/u\/fotografias\/m\/2024\/5\/17\/f768x1-1595721_1595848_0.jpg\" alt=\"\"\/><figcaption class=\"wp-element-caption\">El resultado de la postulaci\u00f3n ser\u00e1 publicado en la plataforma del programa Vouchers educativos. Foto: Captura de pantalla<\/figcaption><\/figure>\n\n\n\n<p>Por su parte,&nbsp;las familias que se inscribieron del 19 de abril al 2 de mayo&nbsp;y hayan obtenido la validaci\u00f3n por las instituciones educativas&nbsp;entre el 19 de abril y el 10 mayo, recibir\u00e1n el primer y el segundo desembolso en el pr\u00f3ximo mes de junio.<\/p>\n\n\n\n<p>Es de destacar que el resultado de la postulaci\u00f3n ser\u00e1 publicado en la&nbsp;plataforma del programa www.voucherseducativos.educacion.gob.ar. Para conocer la evaluaci\u00f3n de la inscripci\u00f3n, habr\u00e1 que hay que recurrir desde el lunes 20 a la p\u00e1gina web oficial del organismo con usuario y contrase\u00f1a,&nbsp;y dirigirse a la solapa &#8220;Estado de tu solicitud&#8221;.<\/p>\n\n\n\n<h2 class=\"wp-block-heading\">Cu\u00e1ntos inscriptos tuvo el programa<\/h2>\n\n\n\n<p>Seg\u00fan inform\u00f3 en las \u00faltimas horas el Ministerio de Capital Humano, un total de 1.082.000 ni\u00f1os, ni\u00f1as y adolescentes en todo el pa\u00eds ya fueron habilitados a recibir el beneficio econ\u00f3mico en el marco del programa \u201c<strong>Vouchers Educativos<\/strong>\u201d, cuyas inscripciones cerraron el viernes pasado.<\/p>\n\n\n\n<p>Hasta el 10 de mayo, unos 802.000 padres o tutores hab\u00edan realizado la solicitud y hab\u00edan sido aceptados.<\/p>\n\n\n\n<figure class=\"wp-block-image\"><img decoding=\"async\" src=\"https:\/\/www.mdzol.com\/u\/fotografias\/m\/2024\/5\/15\/f768x1-1594789_1594916_5050.jpg\" alt=\"\"\/><figcaption class=\"wp-element-caption\">El jefe de gabinete Nicol\u00e1s Posse se\u00f1al\u00f3 el mi\u00e9rcoles pasado que el Gobierno no prev\u00e9 una segunda etapa del programa de los vouchers educativos m\u00e1s all\u00e1 de los tres meses previstos (mayo, junio y julio). Foto: NA<\/figcaption><\/figure>\n\n\n\n<p>Cabe recordar que el programa est\u00e1 dirigido a familias con ingresos menores a siete veces el Salario M\u00ednimo Vital y M\u00f3vil (SMVM) que tengan hijos en escuelas de los niveles inicial, primario y secundario con una subvenci\u00f3n del 75%.<\/p>\n\n\n\n<p>Los&nbsp;<strong>vouchers educativos<\/strong>&nbsp;tendr\u00e1n una duraci\u00f3n de tres meses. Ser\u00e1n ejecutados a partir de mayo hasta el mes de julio.&nbsp;<\/p>\n\n\n\n<p>En el marco de la primera exposici\u00f3n p\u00fablica que realiz\u00f3 el mi\u00e9rcoles pasado el Jefe de Gabinete&nbsp;Nicol\u00e1s Posse&nbsp;en el Senado de la Naci\u00f3n, se supo que el Gobierno no prev\u00e9&nbsp;una segunda etapa de este programa; es decir, no continuar\u00e1 m\u00e1s all\u00e1 de los tres meses mencionados: \u201cDe momento no se tiene previsto realizar una segunda fase\u201d, afirm\u00f3 en esa ocasi\u00f3n el funcionario nacional.<\/p>\n","protected":false},"excerpt":{"rendered":"<p>La\u00a0Administraci\u00f3n Nacional de la Seguridad Social (Anses)\u00a0informar\u00e1 el pr\u00f3ximo lunes 20 de mayo cu\u00e1l ser\u00e1 el primer\u00a0cronograma\u00a0de pago del programa &#8220;Vouchers Educativos&#8221;. El mismo corresponde a las familias que se&hellip; <\/p>\n","protected":false},"author":12,"featured_media":148225,"comment_status":"closed","ping_status":"open","sticky":false,"template":"","format":"standard","meta":{"footnotes":""},"categories":[20,32],"tags":[],"class_list":["post-148221","post","type-post","status-publish","format-standard","has-post-thumbnail","hentry","category-economia","category-educacion"],"_links":{"self":[{"href":"https:\/\/corrientesdetarde.com\/index.php\/wp-json\/wp\/v2\/posts\/148221","targetHints":{"allow":["GET"]}}],"collection":[{"href":"https:\/\/corrientesdetarde.com\/index.php\/wp-json\/wp\/v2\/posts"}],"about":[{"href":"https:\/\/corrientesdetarde.com\/index.php\/wp-json\/wp\/v2\/types\/post"}],"author":[{"embeddable":true,"href":"https:\/\/corrientesdetarde.com\/index.php\/wp-json\/wp\/v2\/users\/12"}],"replies":[{"embeddable":true,"href":"https:\/\/corrientesdetarde.com\/index.php\/wp-json\/wp\/v2\/comments?post=148221"}],"version-history":[{"count":1,"href":"https:\/\/corrientesdetarde.com\/index.php\/wp-json\/wp\/v2\/posts\/148221\/revisions"}],"predecessor-version":[{"id":148226,"href":"https:\/\/corrientesdetarde.com\/index.php\/wp-json\/wp\/v2\/posts\/148221\/revisions\/148226"}],"wp:featuredmedia":[{"embeddable":true,"href":"https:\/\/corrientesdetarde.com\/index.php\/wp-json\/wp\/v2\/media\/148225"}],"wp:attachment":[{"href":"https:\/\/corrientesdetarde.com\/index.php\/wp-json\/wp\/v2\/media?parent=148221"}],"wp:term":[{"taxonomy":"category","embeddable":true,"href":"https:\/\/corrientesdetarde.com\/index.php\/wp-json\/wp\/v2\/categories?post=148221"},{"taxonomy":"post_tag","embeddable":true,"href":"https:\/\/corrientesdetarde.com\/index.php\/wp-json\/wp\/v2\/tags?post=148221"}],"curies":[{"name":"wp","href":"https:\/\/api.w.org\/{rel}","templated":true}]}}