{"id":148230,"date":"2024-05-17T12:22:02","date_gmt":"2024-05-17T15:22:02","guid":{"rendered":"https:\/\/corrientesdetarde.com\/?p=148230"},"modified":"2024-05-17T12:22:05","modified_gmt":"2024-05-17T15:22:05","slug":"dia-internacional-de-la-donacion-de-leche-humana-el-vicegobernador-reconocera-a-madres-donantes-y-receptoras-de-leche-humana","status":"publish","type":"post","link":"https:\/\/corrientesdetarde.com\/index.php\/sociales\/dia-internacional-de-la-donacion-de-leche-humana-el-vicegobernador-reconocera-a-madres-donantes-y-receptoras-de-leche-humana\/","title":{"rendered":"D\u00eda Internacional de la Donaci\u00f3n de Leche Humana: El Vicegobernador reconocer\u00e1 a madres donantes y receptoras de leche humana"},"content":{"rendered":"\n<p>El martes 21 de mayo a las 19 hs, el Vicegobernador de la provincia el Dr. Pedro Braillard Poccard, junto al Banco de Leche Humana de Corrientes, realizar\u00e1n un reconocimiento a madres las madres correntinas donantes y receptoras de leche humana, a instituciones y profesionales que colaboran con la Red Provincial de Centros de Recolecci\u00f3n de Leche Humana.<br>La actividad se realizar\u00e1 en el recinto de sesiones de la Legislatura Provincial, ubicado en Salta 545, sum\u00e1ndose a la conmemoraci\u00f3n mundial del d\u00eda de la Donaci\u00f3n de Leche Humana, cuyo lema 2024 es \u201cAMOR EN CADA GOTA DONADA, VIDA EN CADA GOTA RECIBIDA\u201d.<br>Corrientes es una de las ocho provincias argentinas que cuenta con un Banco de Leche Humana, que, desde hace cinco a\u00f1os, recolecta leche humana de madres donantes y la prepara y acondiciona, para posteriormente ser utilizado en los beb\u00e9s prematuros internados en las unidades de cuidados intensivos neonatales de la provincia de Corrientes. De este modo, los prematuros que representan los pacientes m\u00e1s vulnerables del sistema sanitario, adem\u00e1s de recibir la atenci\u00f3n compleja que el caso lo amerita, son alimentados con leche humana de su propia madre y, si no alcanza, leche humana de mam\u00e1 donante.<br>En Corrientes, desde su creaci\u00f3n, se han procesado m\u00e1s 1.800 litros de leche humana que nos han permitido asistir a unos 1.600 prematuros, determinando una mejor\u00eda sostenible en su evoluci\u00f3n en la internaci\u00f3n, disminuyendo las complicaciones y los d\u00edas de estad\u00eda hospitalaria.<br>Gracias a la Resoluci\u00f3n del MSP 2931\/20 y la Ley 6644, que determinan \u201cLa creaci\u00f3n de la Red de Centros de Lactancia y Centros de Recolecci\u00f3n de Leche humana en la Provincia de Corrientes\u201d, ya son m\u00e1s de 60 instituciones comprometidas y 200 personas entre profesionales de la salud, educaci\u00f3n, agentes de seguridad, referentes comunitarios, que conforman esta red.<br>Es necesario resaltar la importancia de la donaci\u00f3n de leche humana, que \u00fanicamente requiere de una madre que produzca m\u00e1s leche de lo que su hijo necesita, tenga el deseo de donar el fluido l\u00e1cteo y de esta manera, ayudar a cientos de prematuros internados en las Unidades de Cuidado Intensivo Neonatal.<br>Para que una mam\u00e1 pueda ser donante s\u00f3lo debe expresar su deseo, contact\u00e1ndose a trav\u00e9s de un Messenger o un mensaje de WhatsApp al Instagram blh-corrientes \u00f3 al n\u00famero 379-5012132 respectivamente y, referentes de la red, llegar\u00e1n hasta su domicilio para que pueda ayudar con la donaci\u00f3n.<\/p>\n\n\n\n<figure class=\"wp-block-image size-large\"><img loading=\"lazy\" decoding=\"async\" width=\"1024\" height=\"1024\" src=\"https:\/\/corrientesdetarde.com\/wp-content\/uploads\/2024\/05\/WhatsApp-Image-2024-05-17-at-12.20.45_57a27aa3-1024x1024.jpg\" alt=\"\" class=\"wp-image-148231\" srcset=\"https:\/\/corrientesdetarde.com\/wp-content\/uploads\/2024\/05\/WhatsApp-Image-2024-05-17-at-12.20.45_57a27aa3-1024x1024.jpg 1024w, https:\/\/corrientesdetarde.com\/wp-content\/uploads\/2024\/05\/WhatsApp-Image-2024-05-17-at-12.20.45_57a27aa3-300x300.jpg 300w, https:\/\/corrientesdetarde.com\/wp-content\/uploads\/2024\/05\/WhatsApp-Image-2024-05-17-at-12.20.45_57a27aa3-150x150.jpg 150w, https:\/\/corrientesdetarde.com\/wp-content\/uploads\/2024\/05\/WhatsApp-Image-2024-05-17-at-12.20.45_57a27aa3-768x768.jpg 768w, https:\/\/corrientesdetarde.com\/wp-content\/uploads\/2024\/05\/WhatsApp-Image-2024-05-17-at-12.20.45_57a27aa3-1536x1536.jpg 1536w, https:\/\/corrientesdetarde.com\/wp-content\/uploads\/2024\/05\/WhatsApp-Image-2024-05-17-at-12.20.45_57a27aa3.jpg 1600w\" sizes=\"auto, (max-width: 1024px) 100vw, 1024px\" \/><\/figure>\n","protected":false},"excerpt":{"rendered":"<p>El martes 21 de mayo a las 19 hs, el Vicegobernador de la provincia el Dr. Pedro Braillard Poccard, junto al Banco de Leche Humana de Corrientes, realizar\u00e1n un reconocimiento&hellip; <\/p>\n","protected":false},"author":1,"featured_media":148231,"comment_status":"closed","ping_status":"open","sticky":false,"template":"","format":"standard","meta":{"footnotes":""},"categories":[17],"tags":[],"class_list":["post-148230","post","type-post","status-publish","format-standard","has-post-thumbnail","hentry","category-sociales"],"_links":{"self":[{"href":"https:\/\/corrientesdetarde.com\/index.php\/wp-json\/wp\/v2\/posts\/148230","targetHints":{"allow":["GET"]}}],"collection":[{"href":"https:\/\/corrientesdetarde.com\/index.php\/wp-json\/wp\/v2\/posts"}],"about":[{"href":"https:\/\/corrientesdetarde.com\/index.php\/wp-json\/wp\/v2\/types\/post"}],"author":[{"embeddable":true,"href":"https:\/\/corrientesdetarde.com\/index.php\/wp-json\/wp\/v2\/users\/1"}],"replies":[{"embeddable":true,"href":"https:\/\/corrientesdetarde.com\/index.php\/wp-json\/wp\/v2\/comments?post=148230"}],"version-history":[{"count":1,"href":"https:\/\/corrientesdetarde.com\/index.php\/wp-json\/wp\/v2\/posts\/148230\/revisions"}],"predecessor-version":[{"id":148232,"href":"https:\/\/corrientesdetarde.com\/index.php\/wp-json\/wp\/v2\/posts\/148230\/revisions\/148232"}],"wp:featuredmedia":[{"embeddable":true,"href":"https:\/\/corrientesdetarde.com\/index.php\/wp-json\/wp\/v2\/media\/148231"}],"wp:attachment":[{"href":"https:\/\/corrientesdetarde.com\/index.php\/wp-json\/wp\/v2\/media?parent=148230"}],"wp:term":[{"taxonomy":"category","embeddable":true,"href":"https:\/\/corrientesdetarde.com\/index.php\/wp-json\/wp\/v2\/categories?post=148230"},{"taxonomy":"post_tag","embeddable":true,"href":"https:\/\/corrientesdetarde.com\/index.php\/wp-json\/wp\/v2\/tags?post=148230"}],"curies":[{"name":"wp","href":"https:\/\/api.w.org\/{rel}","templated":true}]}}