{"id":148272,"date":"2024-05-17T21:35:28","date_gmt":"2024-05-18T00:35:28","guid":{"rendered":"https:\/\/corrientesdetarde.com\/?p=148272"},"modified":"2024-05-17T21:35:32","modified_gmt":"2024-05-18T00:35:32","slug":"tassano-en-el-congreso-de-cirugia-nos-posiciona-como-una-ciudad-en-condiciones-de-exportar-salud","status":"publish","type":"post","link":"https:\/\/corrientesdetarde.com\/index.php\/actualidad\/tassano-en-el-congreso-de-cirugia-nos-posiciona-como-una-ciudad-en-condiciones-de-exportar-salud\/","title":{"rendered":"Tassano en el Congreso de Cirug\u00eda: \u201cNos posiciona como una ciudad en condiciones de exportar salud\u201d"},"content":{"rendered":"\n<p><em>Con la participaci\u00f3n de m\u00e1s de mil cirujanos, este jueves en el Centro de Convenciones se realiz\u00f3 la apertura del 60\u00ba Congreso Internacional de Cirug\u00eda del Litoral donde el intendente encabez\u00f3 la jornada consolidando a la capital correntina como una ciudad de eventos que cuenta con las herramientas para mostrarse a nivel nacional e internacional.<\/em><\/p>\n\n\n\n<figure class=\"wp-block-embed is-type-video is-provider-youtube wp-block-embed-youtube wp-embed-aspect-16-9 wp-has-aspect-ratio\"><div class=\"wp-block-embed__wrapper\">\n<iframe loading=\"lazy\" title=\"Tassano en el Congreso de Cirug\u00eda: \u201cNos posiciona como una ciudad en condiciones de exportar salud\u201d\" width=\"1110\" height=\"624\" src=\"https:\/\/www.youtube.com\/embed\/Tu0tICjIJ2E?feature=oembed\" frameborder=\"0\" allow=\"accelerometer; autoplay; clipboard-write; encrypted-media; gyroscope; picture-in-picture; web-share\" referrerpolicy=\"strict-origin-when-cross-origin\" allowfullscreen><\/iframe>\n<\/div><\/figure>\n\n\n\n<p>El intendente Eduardo Tassano encabez\u00f3 la apertura del 60\u00ba Congreso Internacional de Cirug\u00eda del Litoral donde remarc\u00f3 \u201cestamos ante el evento m\u00e9dico m\u00e1s importante de la regi\u00f3n\u201d, dado que el evento cont\u00f3 la presencia de m\u00e1s de 1.000 especialistas m\u00e9dicos de Argentina y de otros pa\u00edses, quienes se congregar\u00e1n por tres d\u00edas en el Centro de Convenciones.<\/p>\n\n\n\n<figure class=\"wp-block-image size-large\"><img loading=\"lazy\" decoding=\"async\" width=\"1024\" height=\"681\" src=\"https:\/\/corrientesdetarde.com\/wp-content\/uploads\/2024\/05\/image-447-1024x681.png\" alt=\"\" class=\"wp-image-148273\" srcset=\"https:\/\/corrientesdetarde.com\/wp-content\/uploads\/2024\/05\/image-447-1024x681.png 1024w, https:\/\/corrientesdetarde.com\/wp-content\/uploads\/2024\/05\/image-447-300x200.png 300w, https:\/\/corrientesdetarde.com\/wp-content\/uploads\/2024\/05\/image-447-768x511.png 768w, https:\/\/corrientesdetarde.com\/wp-content\/uploads\/2024\/05\/image-447.png 1258w\" sizes=\"auto, (max-width: 1024px) 100vw, 1024px\" \/><\/figure>\n\n\n\n<p><br>Las jornadas suceder\u00e1n entre el 16 y 18 de mayo y son la antesala a las XXV Jornadas de Oto\u00f1o de la Asociaci\u00f3n Argentina de Cirug\u00eda, que tambi\u00e9n suceder\u00e1n en nuestra ciudad. Todos estos eventos consolidan a Corrientes como ciudad de eventos, favoreciendo al sector hotelero, comercial y al crecimiento econ\u00f3mico\u00a0dando a conocer los diferentes atractivos con los que cuenta el Tarag\u00fc\u00ed.<br>En la oportunidad, el Concejo Deliberante de la Capital declar\u00f3 de inter\u00e9s el evento a trav\u00e9s de la Resoluci\u00f3n N\u00ba2109.<br><br>LA SALUD COMO EJEMPLO<br>\u201cEste evento tiene que ver con la otra gran riqueza que tiene nuestra ciudad\u201d expres\u00f3 el intendente -que tambi\u00e9n es m\u00e9dico- en la apertura de las jornadas, en referencia a la formaci\u00f3n acad\u00e9mica y sanitaria con la que cuenta Corrientes.<br>En esa l\u00ednea, Tassano remarc\u00f3 que \u201ccontamos con profesionales m\u00e9dicos que surgieron y que se formaron en Corrientes y son de primer nivel\u201d y \u201ceso nos posiciona como una ciudad que est\u00e1 en condiciones de exportar salud\u201d, a\u00f1adi\u00f3.<br>Para concluir, indic\u00f3 que \u201cme siento muy orgulloso como m\u00e9dico de que se desarrollen estos eventos por primera vez en la ciudad\u201d.<\/p>\n\n\n\n<figure class=\"wp-block-image size-large\"><img loading=\"lazy\" decoding=\"async\" width=\"1024\" height=\"683\" src=\"https:\/\/corrientesdetarde.com\/wp-content\/uploads\/2024\/05\/image-448-1024x683.png\" alt=\"\" class=\"wp-image-148274\" srcset=\"https:\/\/corrientesdetarde.com\/wp-content\/uploads\/2024\/05\/image-448-1024x683.png 1024w, https:\/\/corrientesdetarde.com\/wp-content\/uploads\/2024\/05\/image-448-300x200.png 300w, https:\/\/corrientesdetarde.com\/wp-content\/uploads\/2024\/05\/image-448-768x513.png 768w, https:\/\/corrientesdetarde.com\/wp-content\/uploads\/2024\/05\/image-448.png 1260w\" sizes=\"auto, (max-width: 1024px) 100vw, 1024px\" \/><\/figure>\n\n\n\n<p><br><br>MOVIMIENTO TURISTICO LOCAL E INTERNACIONAL<br>Por su parte, el secretario de Deportes y Turismo, Juan Enrique Braillard Poccard destac\u00f3 que la actividad brinda a Corrientes una \u201cgran movilizaci\u00f3n econ\u00f3mica en la ciudad\u201d y mencion\u00f3 que \u201capuntamos a ser una de las 15 ciudades m\u00e1s visitadas de Argentina\u201d.<br><br>A su turno, la presidenta de la Asociaci\u00f3n Argentina de Cirug\u00eda, Cristina Marecos, dio cuenta que en la ocasi\u00f3n se cont\u00f3 con la presencia de m\u00e9dicos, enfermeros e instrumentadores quir\u00fargicos de Misiones, Santa Fe, Paraguay y Uruguay. \u201cEsto representa un evento de gran magnitud para Corrientes y para la medicina de toda la regi\u00f3n\u201d, cerr\u00f3.<\/p>\n\n\n\n<figure class=\"wp-block-image size-large\"><img loading=\"lazy\" decoding=\"async\" width=\"1024\" height=\"680\" src=\"https:\/\/corrientesdetarde.com\/wp-content\/uploads\/2024\/05\/image-449-1024x680.png\" alt=\"\" class=\"wp-image-148275\" srcset=\"https:\/\/corrientesdetarde.com\/wp-content\/uploads\/2024\/05\/image-449-1024x680.png 1024w, https:\/\/corrientesdetarde.com\/wp-content\/uploads\/2024\/05\/image-449-300x199.png 300w, https:\/\/corrientesdetarde.com\/wp-content\/uploads\/2024\/05\/image-449-768x510.png 768w, https:\/\/corrientesdetarde.com\/wp-content\/uploads\/2024\/05\/image-449.png 1259w\" sizes=\"auto, (max-width: 1024px) 100vw, 1024px\" \/><\/figure>\n","protected":false},"excerpt":{"rendered":"<p>Con la participaci\u00f3n de m\u00e1s de mil cirujanos, este jueves en el Centro de Convenciones se realiz\u00f3 la apertura del 60\u00ba Congreso Internacional de Cirug\u00eda del Litoral donde el intendente&hellip; <\/p>\n","protected":false},"author":4,"featured_media":148276,"comment_status":"closed","ping_status":"open","sticky":false,"template":"","format":"standard","meta":{"footnotes":""},"categories":[23],"tags":[],"class_list":["post-148272","post","type-post","status-publish","format-standard","has-post-thumbnail","hentry","category-actualidad"],"_links":{"self":[{"href":"https:\/\/corrientesdetarde.com\/index.php\/wp-json\/wp\/v2\/posts\/148272","targetHints":{"allow":["GET"]}}],"collection":[{"href":"https:\/\/corrientesdetarde.com\/index.php\/wp-json\/wp\/v2\/posts"}],"about":[{"href":"https:\/\/corrientesdetarde.com\/index.php\/wp-json\/wp\/v2\/types\/post"}],"author":[{"embeddable":true,"href":"https:\/\/corrientesdetarde.com\/index.php\/wp-json\/wp\/v2\/users\/4"}],"replies":[{"embeddable":true,"href":"https:\/\/corrientesdetarde.com\/index.php\/wp-json\/wp\/v2\/comments?post=148272"}],"version-history":[{"count":1,"href":"https:\/\/corrientesdetarde.com\/index.php\/wp-json\/wp\/v2\/posts\/148272\/revisions"}],"predecessor-version":[{"id":148277,"href":"https:\/\/corrientesdetarde.com\/index.php\/wp-json\/wp\/v2\/posts\/148272\/revisions\/148277"}],"wp:featuredmedia":[{"embeddable":true,"href":"https:\/\/corrientesdetarde.com\/index.php\/wp-json\/wp\/v2\/media\/148276"}],"wp:attachment":[{"href":"https:\/\/corrientesdetarde.com\/index.php\/wp-json\/wp\/v2\/media?parent=148272"}],"wp:term":[{"taxonomy":"category","embeddable":true,"href":"https:\/\/corrientesdetarde.com\/index.php\/wp-json\/wp\/v2\/categories?post=148272"},{"taxonomy":"post_tag","embeddable":true,"href":"https:\/\/corrientesdetarde.com\/index.php\/wp-json\/wp\/v2\/tags?post=148272"}],"curies":[{"name":"wp","href":"https:\/\/api.w.org\/{rel}","templated":true}]}}