{"id":148278,"date":"2024-05-17T21:39:04","date_gmt":"2024-05-18T00:39:04","guid":{"rendered":"https:\/\/corrientesdetarde.com\/?p=148278"},"modified":"2024-05-17T21:39:16","modified_gmt":"2024-05-18T00:39:16","slug":"salud-publica-participo-de-jornada-en-enfermeria-gestion-en-tiempos-de-crisis","status":"publish","type":"post","link":"https:\/\/corrientesdetarde.com\/index.php\/bienestar-y-salud\/salud-publica-participo-de-jornada-en-enfermeria-gestion-en-tiempos-de-crisis\/","title":{"rendered":"Salud P\u00fablica particip\u00f3 de Jornada en Enfermer\u00eda Gesti\u00f3n en tiempos de crisis"},"content":{"rendered":"\n<p>Desde la cartera sanitaria local se valoriz\u00f3 el trabajo de los enfermeros en toda la provincia. Adem\u00e1s, se inst\u00f3 a continuar con capacitaciones.<\/p>\n\n\n\n<p>El Ministerio de Salud P\u00fablica de la Provincia de Corrientes particip\u00f3 este viernes de la Jornada de Enfermer\u00eda \u201cGesti\u00f3n en tiempos de crisis\u201d, que se realiz\u00f3 en el Colegio de Abogados. La actividad, fue organizada por el Colegio de Enfermeros de la provincia.<\/p>\n\n\n\n<p>En el acto de apertura, el subsecretario de Coordinaci\u00f3n y Planificaci\u00f3n Sanitaria, Alfredo Revidatti, transmiti\u00f3 dos mensajes del ministro de Salud P\u00fablica, Ricardo Cardozo. En primer lugar, inst\u00f3 a los enfermeros presentes a \u201caprovechar cada momento para formarse, son la columna vertebral del sistema sanitario y el puntal principal de la salud\u201d. Al mismo tiempo, resalt\u00f3 las residencias en enfermer\u00eda que existen en la provincia.<\/p>\n\n\n\n<p>\u201cEl ministro Cardozo me pidi\u00f3 que le de gratitud por su trabajo diario y por todo lo que han hecho durante la pandemia de Covid-19, cuando se jugaron la vida\u201d, les dijo a los enfermeros y agreg\u00f3: \u201cEran ustedes los que estaban durante todo momento y nos dec\u00edan que deb\u00edamos hacer\u201d.<\/p>\n\n\n\n<p>Por su parte, el director General de Gesti\u00f3n Hospitalaria, Mario Rodr\u00edguez, remarc\u00f3 dos puntos importantes. Por una parte, \u201clos valores que transmite el personal de enfermer\u00eda en el accionar d\u00eda a d\u00eda con los pacientes\u201d.<\/p>\n\n\n\n<figure class=\"wp-block-image size-large\"><img loading=\"lazy\" decoding=\"async\" width=\"1024\" height=\"666\" src=\"https:\/\/corrientesdetarde.com\/wp-content\/uploads\/2024\/05\/image-450-1024x666.png\" alt=\"\" class=\"wp-image-148279\" srcset=\"https:\/\/corrientesdetarde.com\/wp-content\/uploads\/2024\/05\/image-450-1024x666.png 1024w, https:\/\/corrientesdetarde.com\/wp-content\/uploads\/2024\/05\/image-450-300x195.png 300w, https:\/\/corrientesdetarde.com\/wp-content\/uploads\/2024\/05\/image-450-768x500.png 768w, https:\/\/corrientesdetarde.com\/wp-content\/uploads\/2024\/05\/image-450.png 1368w\" sizes=\"auto, (max-width: 1024px) 100vw, 1024px\" \/><\/figure>\n\n\n\n<p>\u201cLos profesionales de la salud y en particular los m\u00e9dicos, no podr\u00edamos trabajar sin el apoyo de cada uno de ustedes. Donde hay un m\u00e9dico debe estar un enfermero o enfermera. Es un trabajo en equipo y debemos valorizar y dignificar su rol\u201d, dijo a la audiencia presente.<\/p>\n\n\n\n<p>A su vez, remarc\u00f3 que es fundamental \u201cla capacitaci\u00f3n continua\u201d ya que \u201clos avances en la ciencia y en la tecnolog\u00eda, as\u00ed como la innovaci\u00f3n, dan pasos agigantados, por eso celebro esta jornada\u201d.<\/p>\n\n\n\n<p>Vale recordar que por Salud P\u00fablica, tambi\u00e9n particip\u00f3 la secretaria Privada del Ministro, Mar\u00eda Eugenia Roma.<\/p>\n\n\n\n<p>En representaci\u00f3n de la Direcci\u00f3n de Enfermer\u00eda del Ministerio de Salud P\u00fablica, N\u00e9stor Ben\u00edtez, coment\u00f3: \u201cVenimos trabajando de manera conjunta y coordinada con enfermeros en la formaci\u00f3n y capacitaci\u00f3n, no es un tema ajeno a nosotros\u201d. Desde \u00e9sta \u00e1rea de la cartera sanitaria local, \u201cse apoya y se insta constantemente a este tipo de capacitaciones\u201d.<\/p>\n\n\n\n<p>\u201cEnv\u00edo un saludo cordial de la directora de Enfermer\u00eda, Marina Cantero. Tenemos que continuar con estos eventos y trabajar de manera coordinada en las actividades que reivindican el trabajo de enfermer\u00eda\u201d, expres\u00f3.<\/p>\n\n\n\n<p>A su turno, el director del Colegio de Enfermeros, Juan Salinas, record\u00f3 que \u201cla historia nos ha demostrado que la enfermer\u00eda est\u00e1 en la primera l\u00ednea dando respuesta, mostrando resiliencia, compasi\u00f3n y profesionalismo\u201d.<\/p>\n\n\n\n<p>\u201cSe convierten en la columna vertebral, no solo dando cuidados cl\u00ednicos si no tambi\u00e9n haciendo apoyo emocional. A pesar de los desaf\u00edos que se nos presentan, seguimos comprometidos. Las capacitaciones son necesarias y debemos invertir en programas. El trabajo en equipo es clave. Nuestro compromiso con el cuidado es inquebrantable\u201d, se\u00f1al\u00f3 y agradeci\u00f3 el trabajo en mancomunado con el Ministerio de Salud P\u00fablica y otras instituciones.<\/p>\n","protected":false},"excerpt":{"rendered":"<p>Desde la cartera sanitaria local se valoriz\u00f3 el trabajo de los enfermeros en toda la provincia. Adem\u00e1s, se inst\u00f3 a continuar con capacitaciones. El Ministerio de Salud P\u00fablica de la&hellip; <\/p>\n","protected":false},"author":4,"featured_media":148280,"comment_status":"closed","ping_status":"open","sticky":false,"template":"","format":"standard","meta":{"footnotes":""},"categories":[16,26],"tags":[],"class_list":["post-148278","post","type-post","status-publish","format-standard","has-post-thumbnail","hentry","category-bienestar-y-salud","category-destacados"],"_links":{"self":[{"href":"https:\/\/corrientesdetarde.com\/index.php\/wp-json\/wp\/v2\/posts\/148278","targetHints":{"allow":["GET"]}}],"collection":[{"href":"https:\/\/corrientesdetarde.com\/index.php\/wp-json\/wp\/v2\/posts"}],"about":[{"href":"https:\/\/corrientesdetarde.com\/index.php\/wp-json\/wp\/v2\/types\/post"}],"author":[{"embeddable":true,"href":"https:\/\/corrientesdetarde.com\/index.php\/wp-json\/wp\/v2\/users\/4"}],"replies":[{"embeddable":true,"href":"https:\/\/corrientesdetarde.com\/index.php\/wp-json\/wp\/v2\/comments?post=148278"}],"version-history":[{"count":1,"href":"https:\/\/corrientesdetarde.com\/index.php\/wp-json\/wp\/v2\/posts\/148278\/revisions"}],"predecessor-version":[{"id":148281,"href":"https:\/\/corrientesdetarde.com\/index.php\/wp-json\/wp\/v2\/posts\/148278\/revisions\/148281"}],"wp:featuredmedia":[{"embeddable":true,"href":"https:\/\/corrientesdetarde.com\/index.php\/wp-json\/wp\/v2\/media\/148280"}],"wp:attachment":[{"href":"https:\/\/corrientesdetarde.com\/index.php\/wp-json\/wp\/v2\/media?parent=148278"}],"wp:term":[{"taxonomy":"category","embeddable":true,"href":"https:\/\/corrientesdetarde.com\/index.php\/wp-json\/wp\/v2\/categories?post=148278"},{"taxonomy":"post_tag","embeddable":true,"href":"https:\/\/corrientesdetarde.com\/index.php\/wp-json\/wp\/v2\/tags?post=148278"}],"curies":[{"name":"wp","href":"https:\/\/api.w.org\/{rel}","templated":true}]}}