{"id":148312,"date":"2024-05-18T00:09:02","date_gmt":"2024-05-18T03:09:02","guid":{"rendered":"https:\/\/corrientesdetarde.com\/?p=148312"},"modified":"2024-05-18T00:09:06","modified_gmt":"2024-05-18T03:09:06","slug":"se-realizo-charla-sobre-la-salud-y-el-cuidado-femenino","status":"publish","type":"post","link":"https:\/\/corrientesdetarde.com\/index.php\/bienestar-y-salud\/se-realizo-charla-sobre-la-salud-y-el-cuidado-femenino\/","title":{"rendered":"Se realiz\u00f3 Charla sobre la salud y el cuidado femenino"},"content":{"rendered":"\n<p>En el marco del Programa \u201cEstamos\u201d, el Ministerio de Desarrollo Social de la provincia a trav\u00e9s de la Direcci\u00f3n General de Participaci\u00f3n Social y Abordaje Territorial y ACO (Asociaci\u00f3n Correntina de Obstetricia), realizaron una charla informativa sobre el cuidado de la salud femenina.<\/p>\n\n\n\n<p>La misma, se llev\u00f3 a cabo en la delegaci\u00f3n municipal del Barrio Pl\u00e1cido Mart\u00ednez calle Chacabuco al 50 este viernes 17 por la ma\u00f1ana.<\/p>\n\n\n\n<p>La Charla estuvo a cargo de la Lic. Mara G Godoy MPN\u00b0162, en conjunto con las\u00a0voluntarias de ACO.<\/p>\n\n\n\n<figure class=\"wp-block-image size-large\"><img loading=\"lazy\" decoding=\"async\" width=\"1024\" height=\"573\" src=\"https:\/\/corrientesdetarde.com\/wp-content\/uploads\/2024\/05\/image-453-1024x573.png\" alt=\"\" class=\"wp-image-148313\" srcset=\"https:\/\/corrientesdetarde.com\/wp-content\/uploads\/2024\/05\/image-453-1024x573.png 1024w, https:\/\/corrientesdetarde.com\/wp-content\/uploads\/2024\/05\/image-453-300x168.png 300w, https:\/\/corrientesdetarde.com\/wp-content\/uploads\/2024\/05\/image-453-768x430.png 768w, https:\/\/corrientesdetarde.com\/wp-content\/uploads\/2024\/05\/image-453-1536x860.png 1536w, https:\/\/corrientesdetarde.com\/wp-content\/uploads\/2024\/05\/image-453.png 1561w\" sizes=\"auto, (max-width: 1024px) 100vw, 1024px\" \/><\/figure>\n","protected":false},"excerpt":{"rendered":"<p>En el marco del Programa \u201cEstamos\u201d, el Ministerio de Desarrollo Social de la provincia a trav\u00e9s de la Direcci\u00f3n General de Participaci\u00f3n Social y Abordaje Territorial y ACO (Asociaci\u00f3n Correntina&hellip; <\/p>\n","protected":false},"author":4,"featured_media":148314,"comment_status":"closed","ping_status":"open","sticky":false,"template":"","format":"standard","meta":{"footnotes":""},"categories":[16],"tags":[],"class_list":["post-148312","post","type-post","status-publish","format-standard","has-post-thumbnail","hentry","category-bienestar-y-salud"],"_links":{"self":[{"href":"https:\/\/corrientesdetarde.com\/index.php\/wp-json\/wp\/v2\/posts\/148312","targetHints":{"allow":["GET"]}}],"collection":[{"href":"https:\/\/corrientesdetarde.com\/index.php\/wp-json\/wp\/v2\/posts"}],"about":[{"href":"https:\/\/corrientesdetarde.com\/index.php\/wp-json\/wp\/v2\/types\/post"}],"author":[{"embeddable":true,"href":"https:\/\/corrientesdetarde.com\/index.php\/wp-json\/wp\/v2\/users\/4"}],"replies":[{"embeddable":true,"href":"https:\/\/corrientesdetarde.com\/index.php\/wp-json\/wp\/v2\/comments?post=148312"}],"version-history":[{"count":1,"href":"https:\/\/corrientesdetarde.com\/index.php\/wp-json\/wp\/v2\/posts\/148312\/revisions"}],"predecessor-version":[{"id":148315,"href":"https:\/\/corrientesdetarde.com\/index.php\/wp-json\/wp\/v2\/posts\/148312\/revisions\/148315"}],"wp:featuredmedia":[{"embeddable":true,"href":"https:\/\/corrientesdetarde.com\/index.php\/wp-json\/wp\/v2\/media\/148314"}],"wp:attachment":[{"href":"https:\/\/corrientesdetarde.com\/index.php\/wp-json\/wp\/v2\/media?parent=148312"}],"wp:term":[{"taxonomy":"category","embeddable":true,"href":"https:\/\/corrientesdetarde.com\/index.php\/wp-json\/wp\/v2\/categories?post=148312"},{"taxonomy":"post_tag","embeddable":true,"href":"https:\/\/corrientesdetarde.com\/index.php\/wp-json\/wp\/v2\/tags?post=148312"}],"curies":[{"name":"wp","href":"https:\/\/api.w.org\/{rel}","templated":true}]}}