{"id":148319,"date":"2024-05-18T00:13:00","date_gmt":"2024-05-18T03:13:00","guid":{"rendered":"https:\/\/corrientesdetarde.com\/?p=148319"},"modified":"2024-05-18T00:13:05","modified_gmt":"2024-05-18T03:13:05","slug":"dialogo-sobre-el-sistema-judicial","status":"publish","type":"post","link":"https:\/\/corrientesdetarde.com\/index.php\/actualidad\/dialogo-sobre-el-sistema-judicial\/","title":{"rendered":"DI\u00c1LOGO SOBRE EL SISTEMA JUDICIAL"},"content":{"rendered":"\n<p><strong>El ministro L\u00f3pez Desimoni se reuni\u00f3 con miembros<br>del Consejo Superior de Colegios de Abogados<\/strong><\/p>\n\n\n\n<p>El ministro de Justicia y Derechos Humanos, Juan Jos\u00e9 L\u00f3pez Desimoni, se reuni\u00f3 este viernes con integrantes del Consejo Superior de Colegios de Abogados y referentes de las cinco circunscripciones judiciales de la Provincia de Corrientes. El encuentro fue propicio para abordar un amplio temario focalizado en las necesidades imperantes del sistema judicial.<\/p>\n\n\n\n<p>Durante la reuni\u00f3n, que se llev\u00f3 adelante v\u00eda Zoom, los profesionales del Derecho destacaron la urgente creaci\u00f3n de fiscal\u00edas y juzgados en determinadas circunscripciones, as\u00ed como el an\u00e1lisis detallado de la problem\u00e1tica relacionada con la inscripci\u00f3n de oficios en el Registro Civil. Adem\u00e1s, se examin\u00f3 minuciosamente el proceso de implementaci\u00f3n de los c\u00f3digos procesales, especialmente en lo referente al \u00e1mbito penal y civil.<\/p>\n\n\n\n<p>Por otro lado, hicieron referencia a la cuesti\u00f3n de los honorarios profesionales, especialmente en lo que concierne a su falta de implementaci\u00f3n en los procesos especiales que la reciente reforma de los c\u00f3digos ha introducido.<\/p>\n\n\n\n<p>La Federaci\u00f3n de Abogados present\u00f3 propuestas con miras a resolver las demoras en la tramitaci\u00f3n de oficios en el Registro Civil. Asimismo, se acord\u00f3 la implementaci\u00f3n de un sistema de atenci\u00f3n en l\u00ednea, con el prop\u00f3sito de brindar un servicio m\u00e1s accesible para los abogados del interior, evitando as\u00ed la necesidad de desplazarse hasta la capital para obtener turnos. Del mismo modo, trataron asuntos relacionados con el funcionamiento de los juzgados y fiscal\u00edas.<\/p>\n\n\n\n<p>Este encuentro representa un paso significativo hacia la b\u00fasqueda de soluciones concretas para mejorar el sistema judicial en la Provincia de Corrientes.<\/p>\n\n\n\n<p>Participaron de la reuni\u00f3n el presidente del Consejo Superior de Colegios de Abogados, Dr. Luis Alfredo Reggiardo; la vicepresidente, Dra. Daniela In\u00e9s Bonavitta; el secretario, Dr. Horacio Alonso (de la 3ra. Circunscripci\u00f3n); el vocal 1\u00b0, Dr. Mat\u00edas Adri\u00e1n Almeida (4ta. Circunscripci\u00f3n); el vocal 2\u00b0, Dr. Pedro Jos\u00e9 Cotelo (1ra. Circunscripci\u00f3n); el presidente del Colegio de Abogados de la 5ta. Circunscripci\u00f3n, Dr. Federico Agustoni; y el Director del Registro Civil Provincial, Pablo Cano.<\/p>\n","protected":false},"excerpt":{"rendered":"<p>El ministro L\u00f3pez Desimoni se reuni\u00f3 con miembrosdel Consejo Superior de Colegios de Abogados El ministro de Justicia y Derechos Humanos, Juan Jos\u00e9 L\u00f3pez Desimoni, se reuni\u00f3 este viernes con&hellip; <\/p>\n","protected":false},"author":4,"featured_media":148320,"comment_status":"closed","ping_status":"open","sticky":false,"template":"","format":"standard","meta":{"footnotes":""},"categories":[23],"tags":[],"class_list":["post-148319","post","type-post","status-publish","format-standard","has-post-thumbnail","hentry","category-actualidad"],"_links":{"self":[{"href":"https:\/\/corrientesdetarde.com\/index.php\/wp-json\/wp\/v2\/posts\/148319","targetHints":{"allow":["GET"]}}],"collection":[{"href":"https:\/\/corrientesdetarde.com\/index.php\/wp-json\/wp\/v2\/posts"}],"about":[{"href":"https:\/\/corrientesdetarde.com\/index.php\/wp-json\/wp\/v2\/types\/post"}],"author":[{"embeddable":true,"href":"https:\/\/corrientesdetarde.com\/index.php\/wp-json\/wp\/v2\/users\/4"}],"replies":[{"embeddable":true,"href":"https:\/\/corrientesdetarde.com\/index.php\/wp-json\/wp\/v2\/comments?post=148319"}],"version-history":[{"count":1,"href":"https:\/\/corrientesdetarde.com\/index.php\/wp-json\/wp\/v2\/posts\/148319\/revisions"}],"predecessor-version":[{"id":148321,"href":"https:\/\/corrientesdetarde.com\/index.php\/wp-json\/wp\/v2\/posts\/148319\/revisions\/148321"}],"wp:featuredmedia":[{"embeddable":true,"href":"https:\/\/corrientesdetarde.com\/index.php\/wp-json\/wp\/v2\/media\/148320"}],"wp:attachment":[{"href":"https:\/\/corrientesdetarde.com\/index.php\/wp-json\/wp\/v2\/media?parent=148319"}],"wp:term":[{"taxonomy":"category","embeddable":true,"href":"https:\/\/corrientesdetarde.com\/index.php\/wp-json\/wp\/v2\/categories?post=148319"},{"taxonomy":"post_tag","embeddable":true,"href":"https:\/\/corrientesdetarde.com\/index.php\/wp-json\/wp\/v2\/tags?post=148319"}],"curies":[{"name":"wp","href":"https:\/\/api.w.org\/{rel}","templated":true}]}}