{"id":148322,"date":"2024-05-18T00:19:42","date_gmt":"2024-05-18T03:19:42","guid":{"rendered":"https:\/\/corrientesdetarde.com\/?p=148322"},"modified":"2024-05-18T00:19:54","modified_gmt":"2024-05-18T03:19:54","slug":"reunion-de-seguridad-vecinal-en-el-barrio-concepcion","status":"publish","type":"post","link":"https:\/\/corrientesdetarde.com\/index.php\/sociales\/reunion-de-seguridad-vecinal-en-el-barrio-concepcion\/","title":{"rendered":"Reuni\u00f3n de seguridad vecinal en el barrio Concepci\u00f3n"},"content":{"rendered":"\n<p>Estos encuentros son realizados en representaci\u00f3n del ministerio de Seguridad de la provincia.&nbsp;<\/p>\n\n\n\n<p>En horas noche de este&nbsp;jueves se llev\u00f3 a cabo una nueva reuni\u00f3n de seguridad vecinal en el barrio Concepci\u00f3n, como parte de las acciones coordinadas por el Ministerio de Seguridad de Corrientes para fortalecer la prevenci\u00f3n del delito y promover la colaboraci\u00f3n entre la comunidad y las autoridades.&nbsp;<\/p>\n\n\n\n<p>Durante el encuentro se escucharon los planteamientos de los vecinos acerca de los problemas de seguridad que enfrenta el barrio, brindando un espacio de di\u00e1logo y participaci\u00f3n activa para buscar soluciones conjuntas. Desde el Ministerio de Seguridad y la Polic\u00eda de Corrientes, se pusieron a disposici\u00f3n todas las herramientas y estrategias de trabajo implementadas para abordar las preocupaciones planteadas por la comunidad.<\/p>\n\n\n\n<p>El encuentro estuvo encabezado por el subsecretario de Seguridad Ciudadana, Oscar Mart\u00ednez, quien fue acompa\u00f1ado en representaci\u00f3n policial por el \u00a0licenciado en Seguridad P\u00fablica, comisario\u00a0mayor Galarza, junto al equipo de la subsecretar\u00eda de Seguridad Ciudadana de la provincia.<\/p>\n\n\n\n<figure class=\"wp-block-image size-large\"><img loading=\"lazy\" decoding=\"async\" width=\"1024\" height=\"678\" src=\"https:\/\/corrientesdetarde.com\/wp-content\/uploads\/2024\/05\/image-454-1024x678.png\" alt=\"\" class=\"wp-image-148324\" srcset=\"https:\/\/corrientesdetarde.com\/wp-content\/uploads\/2024\/05\/image-454-1024x678.png 1024w, https:\/\/corrientesdetarde.com\/wp-content\/uploads\/2024\/05\/image-454-300x199.png 300w, https:\/\/corrientesdetarde.com\/wp-content\/uploads\/2024\/05\/image-454-768x509.png 768w, https:\/\/corrientesdetarde.com\/wp-content\/uploads\/2024\/05\/image-454.png 1277w\" sizes=\"auto, (max-width: 1024px) 100vw, 1024px\" \/><\/figure>\n","protected":false},"excerpt":{"rendered":"<p>Estos encuentros son realizados en representaci\u00f3n del ministerio de Seguridad de la provincia.&nbsp; En horas noche de este&nbsp;jueves se llev\u00f3 a cabo una nueva reuni\u00f3n de seguridad vecinal en el&hellip; <\/p>\n","protected":false},"author":4,"featured_media":148323,"comment_status":"closed","ping_status":"open","sticky":false,"template":"","format":"standard","meta":{"footnotes":""},"categories":[17],"tags":[],"class_list":["post-148322","post","type-post","status-publish","format-standard","has-post-thumbnail","hentry","category-sociales"],"_links":{"self":[{"href":"https:\/\/corrientesdetarde.com\/index.php\/wp-json\/wp\/v2\/posts\/148322","targetHints":{"allow":["GET"]}}],"collection":[{"href":"https:\/\/corrientesdetarde.com\/index.php\/wp-json\/wp\/v2\/posts"}],"about":[{"href":"https:\/\/corrientesdetarde.com\/index.php\/wp-json\/wp\/v2\/types\/post"}],"author":[{"embeddable":true,"href":"https:\/\/corrientesdetarde.com\/index.php\/wp-json\/wp\/v2\/users\/4"}],"replies":[{"embeddable":true,"href":"https:\/\/corrientesdetarde.com\/index.php\/wp-json\/wp\/v2\/comments?post=148322"}],"version-history":[{"count":1,"href":"https:\/\/corrientesdetarde.com\/index.php\/wp-json\/wp\/v2\/posts\/148322\/revisions"}],"predecessor-version":[{"id":148325,"href":"https:\/\/corrientesdetarde.com\/index.php\/wp-json\/wp\/v2\/posts\/148322\/revisions\/148325"}],"wp:featuredmedia":[{"embeddable":true,"href":"https:\/\/corrientesdetarde.com\/index.php\/wp-json\/wp\/v2\/media\/148323"}],"wp:attachment":[{"href":"https:\/\/corrientesdetarde.com\/index.php\/wp-json\/wp\/v2\/media?parent=148322"}],"wp:term":[{"taxonomy":"category","embeddable":true,"href":"https:\/\/corrientesdetarde.com\/index.php\/wp-json\/wp\/v2\/categories?post=148322"},{"taxonomy":"post_tag","embeddable":true,"href":"https:\/\/corrientesdetarde.com\/index.php\/wp-json\/wp\/v2\/tags?post=148322"}],"curies":[{"name":"wp","href":"https:\/\/api.w.org\/{rel}","templated":true}]}}