{"id":148326,"date":"2024-05-18T00:25:04","date_gmt":"2024-05-18T03:25:04","guid":{"rendered":"https:\/\/corrientesdetarde.com\/?p=148326"},"modified":"2024-05-18T00:25:16","modified_gmt":"2024-05-18T03:25:16","slug":"valdes-destaco-la-vision-del-politologo-andres-malamud-en-pensar-lateralmente-el-rumbo-del-pais","status":"publish","type":"post","link":"https:\/\/corrientesdetarde.com\/index.php\/actualidad\/valdes-destaco-la-vision-del-politologo-andres-malamud-en-pensar-lateralmente-el-rumbo-del-pais\/","title":{"rendered":"Vald\u00e9s destac\u00f3 la visi\u00f3n del polit\u00f3logo Andr\u00e9s Malamud en \u201cpensar lateralmente\u201d el rumbo del pa\u00eds"},"content":{"rendered":"\n<p>El gobernador Gustavo Vald\u00e9s acompa\u00f1\u00f3 este viernes al polit\u00f3logo con renombre internacional Andr\u00e9s Malamud en el marco de conferencia donde se abordaron distintos escenarios pol\u00edticos en la Argentina en el contexto de &#8220;Un mundo turbulento&#8221;.<\/p>\n\n\n\n<p>La actividad tuvo lugar en el Nuevo Centro Administrativo en el edificio del Banco de Corrientes y adem\u00e1s de la presencia del mandatario provincial y el conferencista acompa\u00f1aron el vicegobernador Pedro Braillard Poccard, miembros del gabinete, legisladores, el intendente de la ciudad, Eduardo Tassano y p\u00fablico en general.<\/p>\n\n\n\n<figure class=\"wp-block-image size-large\"><img loading=\"lazy\" decoding=\"async\" width=\"1024\" height=\"603\" src=\"https:\/\/corrientesdetarde.com\/wp-content\/uploads\/2024\/05\/image-455-1024x603.png\" alt=\"\" class=\"wp-image-148327\" srcset=\"https:\/\/corrientesdetarde.com\/wp-content\/uploads\/2024\/05\/image-455-1024x603.png 1024w, https:\/\/corrientesdetarde.com\/wp-content\/uploads\/2024\/05\/image-455-300x177.png 300w, https:\/\/corrientesdetarde.com\/wp-content\/uploads\/2024\/05\/image-455-768x452.png 768w, https:\/\/corrientesdetarde.com\/wp-content\/uploads\/2024\/05\/image-455.png 1416w\" sizes=\"auto, (max-width: 1024px) 100vw, 1024px\" \/><\/figure>\n\n\n\n<p>En la oportunidad, tras una breve rese\u00f1a profesional de Malamud, el Gobernador fue el encargado de brindar la bienvenida al polit\u00f3logo manifestando que \u201cme parece que conoceremos una propuesta que es interesante\u201d ya que \u201cnos lleva a pensar lateralmente\u201d el rumbo del pa\u00eds.<\/p>\n\n\n\n<p>\u201cMe parece que nos ense\u00f1a a diferentes formas de ver a Argentina\u201d, indic\u00f3 Vald\u00e9s y eso \u201chace bien a la democracia\u201d, a\u00f1adi\u00f3.<\/p>\n\n\n\n<p>A su vez, destac\u00f3 la claridad de escritura que cuenta Malamud y agradeci\u00f3 &nbsp;la visita que se encuentra realizando en la provincia. \u201cHace meses que busc\u00e1bamos contar con tu presencia\u201d, record\u00f3.<\/p>\n\n\n\n<p>En tanto, Malamud al tomar contacto con la prensa explic\u00f3 el motivo de su exposici\u00f3n diciendo: \u201clo que hacemos es delinear escenarios y futuros probables y despu\u00e9s vemos que es lo que puede pasar o que es lo que hay que hacer para llegar al futuro deseado y evitar los futuros indeseables\u201d al hablar sobre esos escenarios el expositor expres\u00f3 que \u201cel mundo nos vuelve a dar una oportunidad\u201d.<\/p>\n\n\n\n<p>En ese sentido, argument\u00f3 que \u201chace un siglo nosotros vend\u00edamos por el mundo, lo que el mundo valoraba sobre todo productos del campo, en 1930 nos caemos del mundo, la crisis financiera nos deja afuera, en 1975 nos volvemos a caer con la crisis del petr\u00f3leo y ahora EE.UU tiene cada vez menos peso y China cada vez m\u00e1s, y China compra lo que nosotros vendemos y EEUU no, por eso volvemos a un mundo m\u00e1s amable para Argentina cuando en el siglo XIX a principios del XX, es el siglo XXI todo el mundo necesita lo que nosotros producimos depende de nosotros ordenarnos para aprovechar la oportunidad\u201d.<\/p>\n\n\n\n<p>Sobre si la Argentina trata de ser amable frente al mundo, Malamud remarc\u00f3 que \u201cel presidente trata de no ser amable\u201d &nbsp;pero \u201cdespu\u00e9s viene la Canciller y el resto que tratan de entender lo que est\u00e1 pasando porque esa es la clave\u201d y agreg\u00f3 que \u201cno es que al mundo le importe lo que nosotros hagamos sino lo que tenemos para ofrecer y qu\u00e9 nos pueden dar a cambio\u201d.<\/p>\n\n\n\n<p>Seguidamente, al ser consultado sobre la amabilidad que debe conseguir Argentina con el actual presidente ante el mundo, el expositor&nbsp; \u201ceso no est\u00e1 claro, porque el presidente, es un elemento disruptivo, Javier Milei vino para romper un equilibrio\u201d y a\u00f1adi\u00f3 que \u201cla Argentina tiene muchos consensos, y son negativos, poco mercado, pol\u00edticos corruptos\u201d y por eso \u201cnecesitamos pol\u00edticos dedicados a la cosa p\u00fablica y empresarios que se dediquen a la productividad y no al contrato p\u00fablico, romper eso est\u00e1 bien\u201d.<\/p>\n\n\n\n<p>\u201cLa etapa de Milei puede ser romper lo que estaba bloqueado y no funcionaba y despu\u00e9s veremos qu\u00e9 hace la Argentina con lo que hay que construir de nuevo\u201d, a\u00f1adi\u00f3.<\/p>\n\n\n\n<p><strong>El rol de las provincias<\/strong><\/p>\n\n\n\n<p>Con respecto al rol de la provincias ante este escenario, el polit\u00f3logo remarc\u00f3 que \u201des fundamental\u201d porque \u201cuno de los consensos t\u00f3xicos que tenemos, es el actual Federalismo, est\u00e1 basado en la hipertrofia bonaerense, 40% de la poblaci\u00f3n vive en una provincia, que es el 4% de la federaci\u00f3n, y hay una ley de coparticipaci\u00f3n que es inconstitucional\u201d. A la vez dijo que \u201chay que cambiar la ley de coparticipaci\u00f3n\u201d.<\/p>\n\n\n\n<p>En referencia a su visita a Corrientes, manifest\u00f3 que \u201clo primero es que es una belleza esta ciudad, hace tiempo que me deb\u00eda esta visita\u201d y agreg\u00f3: \u201cCorrientes es una provincia que se destaca porque no fue gobernada por el peronismo lo cual en un pa\u00eds que la mayor parte de las provincias fueron o son gobernadas por el peronismo, lo cual llama la atenci\u00f3n\u201d.<\/p>\n\n\n\n<p>Para cerrar, dijo que \u201csin embargo hubo alternancia entre partidos y despu\u00e9s dentro del mismo partido, esto lo que muestra es que hay capacidad para cambiar adentro de del sistema y no hace falta romper el sistema para arreglar\u201d<\/p>\n","protected":false},"excerpt":{"rendered":"<p>El gobernador Gustavo Vald\u00e9s acompa\u00f1\u00f3 este viernes al polit\u00f3logo con renombre internacional Andr\u00e9s Malamud en el marco de conferencia donde se abordaron distintos escenarios pol\u00edticos en la Argentina en el&hellip; <\/p>\n","protected":false},"author":4,"featured_media":148328,"comment_status":"closed","ping_status":"open","sticky":false,"template":"","format":"standard","meta":{"footnotes":""},"categories":[23],"tags":[],"class_list":["post-148326","post","type-post","status-publish","format-standard","has-post-thumbnail","hentry","category-actualidad"],"_links":{"self":[{"href":"https:\/\/corrientesdetarde.com\/index.php\/wp-json\/wp\/v2\/posts\/148326","targetHints":{"allow":["GET"]}}],"collection":[{"href":"https:\/\/corrientesdetarde.com\/index.php\/wp-json\/wp\/v2\/posts"}],"about":[{"href":"https:\/\/corrientesdetarde.com\/index.php\/wp-json\/wp\/v2\/types\/post"}],"author":[{"embeddable":true,"href":"https:\/\/corrientesdetarde.com\/index.php\/wp-json\/wp\/v2\/users\/4"}],"replies":[{"embeddable":true,"href":"https:\/\/corrientesdetarde.com\/index.php\/wp-json\/wp\/v2\/comments?post=148326"}],"version-history":[{"count":1,"href":"https:\/\/corrientesdetarde.com\/index.php\/wp-json\/wp\/v2\/posts\/148326\/revisions"}],"predecessor-version":[{"id":148329,"href":"https:\/\/corrientesdetarde.com\/index.php\/wp-json\/wp\/v2\/posts\/148326\/revisions\/148329"}],"wp:featuredmedia":[{"embeddable":true,"href":"https:\/\/corrientesdetarde.com\/index.php\/wp-json\/wp\/v2\/media\/148328"}],"wp:attachment":[{"href":"https:\/\/corrientesdetarde.com\/index.php\/wp-json\/wp\/v2\/media?parent=148326"}],"wp:term":[{"taxonomy":"category","embeddable":true,"href":"https:\/\/corrientesdetarde.com\/index.php\/wp-json\/wp\/v2\/categories?post=148326"},{"taxonomy":"post_tag","embeddable":true,"href":"https:\/\/corrientesdetarde.com\/index.php\/wp-json\/wp\/v2\/tags?post=148326"}],"curies":[{"name":"wp","href":"https:\/\/api.w.org\/{rel}","templated":true}]}}