{"id":148330,"date":"2024-05-18T08:00:12","date_gmt":"2024-05-18T11:00:12","guid":{"rendered":"https:\/\/corrientesdetarde.com\/?p=148330"},"modified":"2024-05-18T08:00:24","modified_gmt":"2024-05-18T11:00:24","slug":"munigestion-programa-que-articula-gobierno-con-la-universidad-publica","status":"publish","type":"post","link":"https:\/\/corrientesdetarde.com\/index.php\/politica\/munigestion-programa-que-articula-gobierno-con-la-universidad-publica\/","title":{"rendered":"&#8220;Munigesti\u00f3n&#8221;, programa que articula Gobierno con la universidad p\u00fablica"},"content":{"rendered":"\n<p>Un desaf\u00edo abierto a las pol\u00edticas de ajuste lanzaron mandatarios provinciales, intendentes y rectores de tres casas de estudios superiores. Resistencia fue el epicentro del inicio de un plan de bajar conocimiento al territorio de las comunas.<\/p>\n\n\n\n<p>No fue un encuentro m\u00e1s entre funcionarios y autoridades acad\u00e9micas. Los gobiernos de Corrientes, Chaco y Santa Fe, junto a las universidades nacionales de sus territorios, avanzaron en la consolidaci\u00f3n de las pol\u00edticas de articulaci\u00f3n y extensi\u00f3n hacia las municipalidades al suscribir un convenio que replicar\u00e1 en las dos provincias del NEA, un programa que la Universidad Nacional del Litoral (UNL) desarrolla desde 1998 y la Universidad de Rosario desde 2014 y se implementa con \u00e9xito en las vecinas provincias de Santa Fe y Entre R\u00edos.<\/p>\n\n\n\n<p>Gustavo Vald\u00e9s por Corrientes, Leandro Zdero por Chaco y Mar\u00eda Mart\u00edn, secretaria de Coordinaci\u00f3n y Gesti\u00f3n de Recursos del Ministerio de Educaci\u00f3n de la provincia de Santa Fe como representantes de Maximiliano Pullaro, junto a los rectores Omar Larroza de la UNNE, Enrique Mammarella de la UNL y Franco Bartolacci de la Universidad Nacional de Rosario, avanzaron en convenios que proponen desarrollar programas de cooperaci\u00f3n t\u00e9cnicas con las municipalidades de ambas provincias.<\/p>\n\n\n\n<figure class=\"wp-block-image\"><img decoding=\"async\" src=\"https:\/\/www.diarioepoca.com\/content\/bucket\/2\/1363382w380h132c.jpg.webp\" alt=\"\"\/><\/figure>\n\n\n\n<p>El aula magna de la Facultad de Ciencias Econ\u00f3micas estuvo poblada de intendentes de las provincias que siguieron de cerca las alternativas del inicio de un auspicioso programa que busca implementar los conocimientos generados en los claustros e institutos de investigaci\u00f3n de la UNNE en mejorar las pol\u00edticas p\u00fablicas.<\/p>\n\n\n\n<p>Claro que no todo fue firmar un convenio e intercambiar regalos, como la bolsita de productos que se elaboran en la ERAGIA, a modo de muestra de lo que se genera en \u00e1mbitos universitario que se puede volcar en experiencia para desarrollo local.<\/p>\n\n\n\n<p>La crisis profundizada por la reducci\u00f3n de financiamiento a partir de las pol\u00edticas de ajuste del Gobierno Nacional estuvo presente en la jornada, y la juntada de gobernadores y rectores es una reivindicaci\u00f3n de la fortaleza que tiene el modelo reformista de universidad y el convenio para bajar soluciones concretas al territorio de las municipalidades es una de las banderas de la Reforma de 1918, un modelo que seg\u00fan Vald\u00e9s tiene mucho para dar&#8221;. (Ver aparte).<\/p>\n\n\n\n<p>En el mismo sentido se expresaron la santafesina Mar\u00eda Mart\u00edn en su car\u00e1cter de delegada de Pullaro, Leandro Zdero que se reconoci\u00f3 &#8220;hijo de la universidad p\u00fablica&#8221;, y que le extendi\u00f3 la hermandad a otros funcionarios y al numeroso grupo de intendentes que son profesionales en distintas disciplinas como &#8220;profesionales formados con criterio cr\u00edtico y compromiso ciudadano&#8221;.<\/p>\n\n\n\n<p>El acuerdo llega en tiempos de dificultades y as\u00ed lo hicieron saber los rectores, como Bartolacci que reconoci\u00f3 la importancia de trasladar a la sociedad -gran parte de la cual no puede acceder a los claustros- &#8220;el conocimiento y la ciencia que se genera en ellos&#8221;.<\/p>\n\n\n\n<p>Sus colegas Omar Larroza y Enrique Mammarella acordaron en destacar que &#8220;los programas de extensi\u00f3n son la herramienta para llevar soluciones a los problemas reales de la gente&#8221;.&nbsp;<\/p>\n\n\n\n<h2 class=\"wp-block-heading\">Vald\u00e9s ve la crisis como oportunidad<\/h2>\n\n\n\n<figure class=\"wp-block-image\"><img decoding=\"async\" src=\"https:\/\/www.diarioepoca.com\/content\/bucket\/4\/1363384w380h577c.jpg.webp\" alt=\"\"\/><\/figure>\n\n\n\n<p>&#8220;Si bien la universidad est\u00e1 en una crisis, tenemos que verla como una oportunidad que implica que nosotros estamos repensando el rol de la universidad en conjunci\u00f3n con su sociedad&#8221;, afirm\u00f3 el gobernador correntino Gustavo Vald\u00e9s al destacar la participaci\u00f3n de &#8220;muchos intendentes que son quienes en definitiva terminan apuntalando a la universidad&#8221;.<\/p>\n\n\n\n<p>Destac\u00f3 que el convenio propone un camino de desarrollo y afirm\u00f3: &#8220;La universidad p\u00fablica como fue concebida por la Reforma del 18 tiene mucho trayecto y mucho camino y no est\u00e1 por agotarse. Por el contrario, estamos en una crisis que es de crecimiento y venimos a decir que estamos ac\u00e1 para seguir acompa\u00f1ando a nuestra universidad publica&#8221;.<\/p>\n\n\n\n<p>Convoc\u00f3 a sus colegas y rectores: &#8220;A salir a gestionar juntos los intereses comunes de nuestras provincias y fundamentalmente hacer esta uni\u00f3n de la universidad con las municipalidades y vamos a ver c\u00f3mo multiplican su esfuerzo y c\u00f3mo los intendentes siguen luchando para que cada uno de los vecinos tengan acceso a este conocimiento que estamos reclamando para una nueva Argentina.<\/p>\n\n\n\n<h2 class=\"wp-block-heading\">Zdero conf\u00eda en el aporte de soluciones<\/h2>\n\n\n\n<figure class=\"wp-block-image\"><img decoding=\"async\" src=\"https:\/\/www.diarioepoca.com\/content\/bucket\/3\/1363383w380h577c.jpg.webp\" alt=\"\"\/><\/figure>\n\n\n\n<p>Al destacar la articulaci\u00f3n entre universidades y responsables de gesti\u00f3n territorial, el gobernador de Chaco, Leandro Zdero, expres\u00f3: &#8220;Los convenios abren la oportunidad de resolver los problemas de la gente, que es en definitiva la funci\u00f3n que tenemos&#8221;.<\/p>\n\n\n\n<p>Destac\u00f3 que en tiempos dif\u00edciles como los que se viven, tomar las acciones que desarrollaron ayer &#8220;significa ponerse espalda con espalda con la universidad y el denominado com\u00fan de poder devolver a la gente, a los ciudadanos, la posibilidad de que la universidad pueda acercar como usina de conocimiento de la informaci\u00f3n, para que tambi\u00e9n ayude a quienes tienen responsabilidades de gobernar a resolver los problemas de los territorios&#8221;, en alusi\u00f3n tambi\u00e9n a los intendentes.<\/p>\n\n\n\n<p>Reivindic\u00f3 a los programas de extensi\u00f3n que son parte de las banderas de la Reforma Universitaria de 1918. &#8220;Y tienen que ver con ese conocimiento que genera para que llegue al ciudadano y tambi\u00e9n a quienes se forman en la universidad con el compromiso de ser ciudadanos comprometidos porque muchos de los intendentes y gobernantes son hijos de esta universidad&#8221;.<\/p>\n\n\n\n<h2 class=\"wp-block-heading\">Larroza convoc\u00f3 a consolidar alianzas<\/h2>\n\n\n\n<figure class=\"wp-block-image\"><img decoding=\"async\" src=\"https:\/\/www.diarioepoca.com\/content\/bucket\/5\/1363385w380h430c.jpg.webp\" alt=\"\"\/><\/figure>\n\n\n\n<p>&#8220;La UNNE renueva su compromiso con su amplia comunidad. En estos momentos dif\u00edciles por los que atravesamos las universidades estamos convencidos de que debemos consolidar las alianzas y fortalecer las luchas por los derechos que hemos alcanzado en materia educativa&#8221;, afirmo el rector de la Universidad Nacional del Nordeste, Omar Larroza, al dar la bienvenida a los participantes de las jornadas y la firma del convenios denominado &#8220;Munigesti\u00f3n&#8221;.<\/p>\n\n\n\n<p>El acad\u00e9mico tambi\u00e9n destac\u00f3: &#8220;Desde la universidad promovemos la socializaci\u00f3n de los valores democr\u00e1ticos&#8221;, y resalt\u00f3 el aporte para &#8220;la reducci\u00f3n de la desigualdad social y garantizar el acceso a la producci\u00f3n y circulaci\u00f3n del conocimiento y el desarrollo local&#8221;.<\/p>\n\n\n\n<h2 class=\"wp-block-heading\">Una ayuda para los gobiernos locales<\/h2>\n\n\n\n<figure class=\"wp-block-image\"><img decoding=\"async\" src=\"https:\/\/www.diarioepoca.com\/content\/bucket\/6\/1363386w380h431c.jpg.webp\" alt=\"\"\/><\/figure>\n\n\n\n<p>Para Enrique Mamarello, rector de la Universidad del Litoral (UNL), &#8220;Munigesti\u00f3n&#8221; se trata de un programa que naci\u00f3 para ayudar a los gobiernos locales. Con esa sencillez, el titular de la casa de estudios de Santa Fe, que impuls\u00f3 el programa en 1998, destac\u00f3 que la Universidad Nacional de Rosario se sum\u00f3 en 2014.<\/p>\n\n\n\n<p>Record\u00f3 la fundaci\u00f3n de la UNL y destac\u00f3 que las casas de estudio que firmaron el convenio ayer tienen el mismo ADN, &#8220;una sociedad que a principios del siglo XX pens\u00f3 en dar oportunidades a la gente cuando el pa\u00eds ten\u00eda solo tres universidades&#8221;.<\/p>\n\n\n\n<p>Destac\u00f3 que con el programa se propone &#8220;mejorar las pol\u00edticas p\u00fablicas&#8221; y cumplir con el legado de la Reforma del 18 de &#8220;formar ciudadanos cr\u00edticos, buenos profesionales, desarrollar ciencia y tecnolog\u00eda que se tiene que aplicar en el territorio&#8221;.<\/p>\n\n\n\n<h2 class=\"wp-block-heading\">La necesidad de un nuevo pacto social<\/h2>\n\n\n\n<figure class=\"wp-block-image\"><img decoding=\"async\" src=\"https:\/\/www.diarioepoca.com\/content\/bucket\/7\/1363387w380h431c.jpg.webp\" alt=\"\"\/><\/figure>\n\n\n\n<p>A su turno Franco Bartolacci, rector de la Universidad Nacional de Rosario (UNR), indic\u00f3 que el programa &#8220;Munigesti\u00f3n&#8221; es una oportunidad para poner en la agenda que &#8220;todo lo que sucede en la universidad p\u00fablica es el resultado de un esfuerzo colectivo de una sociedad que la pasa muy mal y la sostiene&#8221;.<\/p>\n\n\n\n<p>Resalt\u00f3 que a 40 a\u00f1os de recuperaci\u00f3n de la democracia &#8220;hay muchos problemas pendientes&#8221; y puso de manifiesto de que se hace necesario convocar a un nuevo pacto de la sociedad argentina. &#8220;Creo que hay que construir una nueva \u00e9pica con inclusi\u00f3n, convivencia y desarrollo&#8221;.<\/p>\n\n\n\n<p>Tambi\u00e9n hizo notar las dificultades que se viven en las universidades y agradeci\u00f3 el acompa\u00f1amiento de gobernadores e intendentes en pol\u00edticas de extensi\u00f3n y asever\u00f3 que de no contar con ellos los problemas ser\u00edan m\u00e1s graves.<\/p>\n","protected":false},"excerpt":{"rendered":"<p>Un desaf\u00edo abierto a las pol\u00edticas de ajuste lanzaron mandatarios provinciales, intendentes y rectores de tres casas de estudios superiores. Resistencia fue el epicentro del inicio de un plan de&hellip; <\/p>\n","protected":false},"author":3,"featured_media":148331,"comment_status":"closed","ping_status":"open","sticky":false,"template":"","format":"standard","meta":{"footnotes":""},"categories":[3],"tags":[],"class_list":["post-148330","post","type-post","status-publish","format-standard","has-post-thumbnail","hentry","category-politica"],"_links":{"self":[{"href":"https:\/\/corrientesdetarde.com\/index.php\/wp-json\/wp\/v2\/posts\/148330","targetHints":{"allow":["GET"]}}],"collection":[{"href":"https:\/\/corrientesdetarde.com\/index.php\/wp-json\/wp\/v2\/posts"}],"about":[{"href":"https:\/\/corrientesdetarde.com\/index.php\/wp-json\/wp\/v2\/types\/post"}],"author":[{"embeddable":true,"href":"https:\/\/corrientesdetarde.com\/index.php\/wp-json\/wp\/v2\/users\/3"}],"replies":[{"embeddable":true,"href":"https:\/\/corrientesdetarde.com\/index.php\/wp-json\/wp\/v2\/comments?post=148330"}],"version-history":[{"count":1,"href":"https:\/\/corrientesdetarde.com\/index.php\/wp-json\/wp\/v2\/posts\/148330\/revisions"}],"predecessor-version":[{"id":148341,"href":"https:\/\/corrientesdetarde.com\/index.php\/wp-json\/wp\/v2\/posts\/148330\/revisions\/148341"}],"wp:featuredmedia":[{"embeddable":true,"href":"https:\/\/corrientesdetarde.com\/index.php\/wp-json\/wp\/v2\/media\/148331"}],"wp:attachment":[{"href":"https:\/\/corrientesdetarde.com\/index.php\/wp-json\/wp\/v2\/media?parent=148330"}],"wp:term":[{"taxonomy":"category","embeddable":true,"href":"https:\/\/corrientesdetarde.com\/index.php\/wp-json\/wp\/v2\/categories?post=148330"},{"taxonomy":"post_tag","embeddable":true,"href":"https:\/\/corrientesdetarde.com\/index.php\/wp-json\/wp\/v2\/tags?post=148330"}],"curies":[{"name":"wp","href":"https:\/\/api.w.org\/{rel}","templated":true}]}}