{"id":148333,"date":"2024-05-18T08:00:19","date_gmt":"2024-05-18T11:00:19","guid":{"rendered":"https:\/\/corrientesdetarde.com\/?p=148333"},"modified":"2024-05-18T08:00:20","modified_gmt":"2024-05-18T11:00:20","slug":"eduardo-tassano-participo-del-60-congreso-internacional-de-cirugia","status":"publish","type":"post","link":"https:\/\/corrientesdetarde.com\/index.php\/informacion-general\/eduardo-tassano-participo-del-60-congreso-internacional-de-cirugia\/","title":{"rendered":"Eduardo Tassano particip\u00f3 del 60\u00b0 Congreso Internacional de Cirug\u00eda"},"content":{"rendered":"\n<p>Con la presencia de m\u00e1s de mil cirujanos, el Jefe Comunal destac\u00f3 en el evento que los m\u00e9dicos recibidos en Corrientes, la posicionan como una ciudad en condiciones de exportar salud. Adem\u00e1s consider\u00f3 a Capital como una ciudad de eventos.<\/p>\n\n\n\n<p>En la ciudad de Corrientes se lleva a cabo el 60\u00b0 Congreso Internacional de Cirug\u00eda del Litoral.<\/p>\n\n\n\n<p>De este importante encuentro particip\u00f3 en la jornada de ayer el intendente de la ciudad de Corrientes, Eduardo Tassano, quien al momento de su alocuci\u00f3n remarc\u00f3: &#8220;Estamos ante el evento m\u00e9dico m\u00e1s importante de la regi\u00f3n&#8221;, dado que congreso cont\u00f3 con la presencia de m\u00e1s de mil especialistas m\u00e9dicos de Argentina y de otros pa\u00edses de Latinoam\u00e9rica, quienes se congregar\u00e1n hasta hoy s\u00e1bado en el centro de convenciones.<\/p>\n\n\n\n<p>El encuentro comenz\u00f3 el pasado jueves 16 y es la antesala a las XXV Jornadas de Oto\u00f1o de la Asociaci\u00f3n Argentina de Cirug\u00eda, que tambi\u00e9n se realizar\u00e1n en esta ciudad.<\/p>\n\n\n\n<p>Todos estos eventos consolidan a Corrientes como la denominada &#8220;Ciudad de Eventos&#8221;, ya que este tipo de convenciones favorecen al sector hotelero, comercial y al crecimiento econ\u00f3mico no solo de la ciudad, sino de localidades cercanas, dando a conocer los diferentes atractivos con los que cuenta la provincia.<\/p>\n\n\n\n<p>En la oportunidad, el Concejo Deliberante de la Ciudad de Corrientes declar\u00f3 de inter\u00e9s el evento a trav\u00e9s de la Resoluci\u00f3n N\u00ba2.109.<\/p>\n\n\n\n<h2 class=\"wp-block-heading\">La salud como ejemplo<\/h2>\n\n\n\n<p>En otra parte de su presentaci\u00f3n, el intendente capitalino y tambi\u00e9n doctor, Eduardo Tassano, expres\u00f3: &#8220;Este evento tiene que ver con la otra gran riqueza que tiene nuestra ciudad&#8221;, en la apertura de ayer de las jornadas, en referencia a la formaci\u00f3n acad\u00e9mica y sanitaria con la que cuenta Corrientes.<\/p>\n\n\n\n<p>En esa l\u00ednea, Tassano resalt\u00f3: &#8220;En la provincia contamos con profesionales m\u00e9dicos que surgieron y que se formaron en Corrientes y son de primer nivel&#8221;. Y agreg\u00f3: &#8220;Eso nos posiciona como una ciudad que est\u00e1 en condiciones de exportar salud&#8221;.<\/p>\n\n\n\n<p>Para concluir con su presentaci\u00f3n en el centro de convenciones indic\u00f3: &#8220;Me siento muy orgulloso como m\u00e9dico de que se desarrollen estos eventos por primera vez en la ciudad&#8221;.<\/p>\n\n\n\n<h2 class=\"wp-block-heading\">Movimiento tur\u00edstico local e internacional<\/h2>\n\n\n\n<p>Por su parte, el secretario de Deportes y Turismo, Juan Enrique Braillard Poccard, destac\u00f3 que la actividad brinda a Corrientes una &#8220;gran movilizaci\u00f3n econ\u00f3mica en la ciudad&#8221; y mencion\u00f3: &#8220;Apuntamos a ser una de las 15 ciudades m\u00e1s visitadas de Argentina&#8221;.<\/p>\n\n\n\n<p>Cabe recordar que este encuentro de car\u00e1cter internacional est\u00e1 organizado por la Asociaci\u00f3n de Cirug\u00eda de Corrientes y se realiza en el Centro de Convenciones Corrientes y cuenta con profesionales m\u00e9dicos de la provincia, Argentina y pa\u00edses de Latinoam\u00e9rica.<\/p>\n\n\n\n<p>A su turno, la presidente de la Asociaci\u00f3n Argentina de Cirug\u00eda, Cristina Marecos, dio cuenta de que en la ocasi\u00f3n se cont\u00f3 con la presencia de m\u00e9dicos, enfermeros e instrumentadores quir\u00fargicos de Misiones, Santa Fe, Paraguay y Uruguay. &#8220;Esto representa un evento de gran magnitud para Corrientes y para la medicina de toda la regi\u00f3n&#8221;, cerr\u00f3.<\/p>\n\n\n\n<h2 class=\"wp-block-heading\">Un evento declarado deinter\u00e9s provincial y municipal<\/h2>\n\n\n\n<figure class=\"wp-block-image\"><img decoding=\"async\" src=\"https:\/\/www.diarioepoca.com\/content\/bucket\/2\/1363392w380h223c.jpg.webp\" alt=\"\"\/><\/figure>\n\n\n\n<p>Las jornadas que se realizan desde el jueves 16 y fueron declaradas de inter\u00e9s acad\u00e9mico por la Universidad Nacional de Nordeste (UNNE) por el decano de la Facultad de Medicina, tambi\u00e9n de inter\u00e9s Legislativo por Eduardo Tassano que tambi\u00e9n declar\u00f3 de inter\u00e9s para la ciudad, como as\u00ed de inter\u00e9s provincial, ya que Corrientes est\u00e1 posicion\u00e1ndose como ciudad de eventos.<\/p>\n\n\n\n<p>Una de las organizadoras, la doctora Mar\u00eda Cristina Marecos, al ser consultada por \u00e9poca valor\u00f3 a los profesionales que expondr\u00e1n sus trabajos y reconoci\u00f3 que ser\u00e1n muchos los m\u00e9dicos que lo har\u00e1n. &#8220;Tenemos m\u00e1s de 83 disertantes del \u00e1mbito nacional e internacional, expertos en su materia, los que ser\u00e1n destacados de acuerdo a su especialidad. Hay destacados de t\u00f3rax, en coloproctolog\u00eda y muchos m\u00e1s, pero ser\u00eda muy largo enumerarlos&#8221;, asever\u00f3.<\/p>\n\n\n\n<p>Cabe recordar que los profesionales que presidir\u00e1n el Congreso Internacional del Litoral ser\u00e1n el doctor Alfredo Aquino y la que representa la Sociedad Argentina de Cirug\u00eda, doctora Cristina Marecos.<\/p>\n","protected":false},"excerpt":{"rendered":"<p>Con la presencia de m\u00e1s de mil cirujanos, el Jefe Comunal destac\u00f3 en el evento que los m\u00e9dicos recibidos en Corrientes, la posicionan como una ciudad en condiciones de exportar&hellip; <\/p>\n","protected":false},"author":3,"featured_media":148334,"comment_status":"closed","ping_status":"open","sticky":false,"template":"","format":"standard","meta":{"footnotes":""},"categories":[1],"tags":[],"class_list":["post-148333","post","type-post","status-publish","format-standard","has-post-thumbnail","hentry","category-informacion-general"],"_links":{"self":[{"href":"https:\/\/corrientesdetarde.com\/index.php\/wp-json\/wp\/v2\/posts\/148333","targetHints":{"allow":["GET"]}}],"collection":[{"href":"https:\/\/corrientesdetarde.com\/index.php\/wp-json\/wp\/v2\/posts"}],"about":[{"href":"https:\/\/corrientesdetarde.com\/index.php\/wp-json\/wp\/v2\/types\/post"}],"author":[{"embeddable":true,"href":"https:\/\/corrientesdetarde.com\/index.php\/wp-json\/wp\/v2\/users\/3"}],"replies":[{"embeddable":true,"href":"https:\/\/corrientesdetarde.com\/index.php\/wp-json\/wp\/v2\/comments?post=148333"}],"version-history":[{"count":1,"href":"https:\/\/corrientesdetarde.com\/index.php\/wp-json\/wp\/v2\/posts\/148333\/revisions"}],"predecessor-version":[{"id":148338,"href":"https:\/\/corrientesdetarde.com\/index.php\/wp-json\/wp\/v2\/posts\/148333\/revisions\/148338"}],"wp:featuredmedia":[{"embeddable":true,"href":"https:\/\/corrientesdetarde.com\/index.php\/wp-json\/wp\/v2\/media\/148334"}],"wp:attachment":[{"href":"https:\/\/corrientesdetarde.com\/index.php\/wp-json\/wp\/v2\/media?parent=148333"}],"wp:term":[{"taxonomy":"category","embeddable":true,"href":"https:\/\/corrientesdetarde.com\/index.php\/wp-json\/wp\/v2\/categories?post=148333"},{"taxonomy":"post_tag","embeddable":true,"href":"https:\/\/corrientesdetarde.com\/index.php\/wp-json\/wp\/v2\/tags?post=148333"}],"curies":[{"name":"wp","href":"https:\/\/api.w.org\/{rel}","templated":true}]}}