{"id":148429,"date":"2024-05-18T16:42:50","date_gmt":"2024-05-18T19:42:50","guid":{"rendered":"https:\/\/corrientesdetarde.com\/?p=148429"},"modified":"2024-05-18T16:43:01","modified_gmt":"2024-05-18T19:43:01","slug":"junto-a-malamud-el-radicalismo-correntino-debatio-el-futuro-de-la-ucr-y-el-pais","status":"publish","type":"post","link":"https:\/\/corrientesdetarde.com\/index.php\/politica\/junto-a-malamud-el-radicalismo-correntino-debatio-el-futuro-de-la-ucr-y-el-pais\/","title":{"rendered":"Junto a Malamud, el radicalismo correntino debati\u00f3 el futuro de la UCR y el pa\u00eds"},"content":{"rendered":"\n<p><\/p>\n\n\n\n<p>El reconocido polit\u00f3logo Andr\u00e9s Malamud fue invitado este s\u00e1bado a la ma\u00f1ana al Comit\u00e9 Central de la UCR ubicado en 25 de Mayo 1232 de la ciudad de Corrientes, ocasi\u00f3n en la que la militancia debati\u00f3 all\u00ed el rol que debe asumir el partido ante los escenarios pol\u00edticos y socioculturales que se presentan en la Argentina y el mundo. El encuentro estuvo encabezado por el gobernador Gustavo Vald\u00e9s, valorando la formaci\u00f3n de los dirigentes pol\u00edticos para saber afrontar problemas complejos y de esa manera \u201cliderar responsablemente\u201d.<br>El encuentro fue una Mesa Debate, ideada y organizada por la UCR, estuvo dirigida a los militantes y comenz\u00f3 por buscar respuestas a una cuesti\u00f3n: \u201c\u00bfQu\u00e9 partido es el radicalismo en el pa\u00eds y qu\u00e9 lo hace diferente?\u201d. Adem\u00e1s, se abord\u00f3 la situaci\u00f3n pol\u00edtica, social y cultural del mundo y el pa\u00eds, los desaf\u00edos de l\u00edderes e instituciones, as\u00ed como las oportunidades que presenta una \u201csociedad diversa, demandante e interconectada\u201d.<br>En este marco, Vald\u00e9s sostuvo que \u201cla formaci\u00f3n intelectual de los dirigentes pol\u00edticos es crucial para el progreso social: una s\u00f3lida educaci\u00f3n permite tomar decisiones informadas, abordar problemas complejos y liderar responsablemente\u201d, dejando un claro mensaje al radicalismo correntino: \u201cTenemos que continuar por esta senda en pos de mejores militantes.\u201d<\/p>\n\n\n\n<figure class=\"wp-block-gallery has-nested-images columns-default is-cropped wp-block-gallery-1 is-layout-flex wp-block-gallery-is-layout-flex\">\n<figure class=\"wp-block-image size-large\"><img loading=\"lazy\" decoding=\"async\" width=\"1024\" height=\"683\" data-id=\"148439\" src=\"https:\/\/corrientesdetarde.com\/wp-content\/uploads\/2024\/05\/Malamud-ComiteCentral02-1024x683.jpg\" alt=\"\" class=\"wp-image-148439\" srcset=\"https:\/\/corrientesdetarde.com\/wp-content\/uploads\/2024\/05\/Malamud-ComiteCentral02-1024x683.jpg 1024w, https:\/\/corrientesdetarde.com\/wp-content\/uploads\/2024\/05\/Malamud-ComiteCentral02-300x200.jpg 300w, https:\/\/corrientesdetarde.com\/wp-content\/uploads\/2024\/05\/Malamud-ComiteCentral02-768x512.jpg 768w, https:\/\/corrientesdetarde.com\/wp-content\/uploads\/2024\/05\/Malamud-ComiteCentral02-1536x1024.jpg 1536w, https:\/\/corrientesdetarde.com\/wp-content\/uploads\/2024\/05\/Malamud-ComiteCentral02-2048x1366.jpg 2048w\" sizes=\"auto, (max-width: 1024px) 100vw, 1024px\" \/><\/figure>\n\n\n\n<figure class=\"wp-block-image size-large\"><img loading=\"lazy\" decoding=\"async\" width=\"1024\" height=\"683\" data-id=\"148440\" src=\"https:\/\/corrientesdetarde.com\/wp-content\/uploads\/2024\/05\/Malamud-ComiteCentral05-1024x683.jpg\" alt=\"\" class=\"wp-image-148440\" srcset=\"https:\/\/corrientesdetarde.com\/wp-content\/uploads\/2024\/05\/Malamud-ComiteCentral05-1024x683.jpg 1024w, https:\/\/corrientesdetarde.com\/wp-content\/uploads\/2024\/05\/Malamud-ComiteCentral05-300x200.jpg 300w, https:\/\/corrientesdetarde.com\/wp-content\/uploads\/2024\/05\/Malamud-ComiteCentral05-768x512.jpg 768w, https:\/\/corrientesdetarde.com\/wp-content\/uploads\/2024\/05\/Malamud-ComiteCentral05-1536x1024.jpg 1536w, https:\/\/corrientesdetarde.com\/wp-content\/uploads\/2024\/05\/Malamud-ComiteCentral05-2048x1366.jpg 2048w\" sizes=\"auto, (max-width: 1024px) 100vw, 1024px\" \/><\/figure>\n\n\n\n<figure class=\"wp-block-image size-large\"><img loading=\"lazy\" decoding=\"async\" width=\"1024\" height=\"683\" data-id=\"148438\" src=\"https:\/\/corrientesdetarde.com\/wp-content\/uploads\/2024\/05\/Malamud-ComiteCentral01-1024x683.jpg\" alt=\"\" class=\"wp-image-148438\" srcset=\"https:\/\/corrientesdetarde.com\/wp-content\/uploads\/2024\/05\/Malamud-ComiteCentral01-1024x683.jpg 1024w, https:\/\/corrientesdetarde.com\/wp-content\/uploads\/2024\/05\/Malamud-ComiteCentral01-300x200.jpg 300w, https:\/\/corrientesdetarde.com\/wp-content\/uploads\/2024\/05\/Malamud-ComiteCentral01-768x512.jpg 768w, https:\/\/corrientesdetarde.com\/wp-content\/uploads\/2024\/05\/Malamud-ComiteCentral01-1536x1024.jpg 1536w, https:\/\/corrientesdetarde.com\/wp-content\/uploads\/2024\/05\/Malamud-ComiteCentral01-2048x1366.jpg 2048w\" sizes=\"auto, (max-width: 1024px) 100vw, 1024px\" \/><\/figure>\n<\/figure>\n","protected":false},"excerpt":{"rendered":"<p>El reconocido polit\u00f3logo Andr\u00e9s Malamud fue invitado este s\u00e1bado a la ma\u00f1ana al Comit\u00e9 Central de la UCR ubicado en 25 de Mayo 1232 de la ciudad de Corrientes, ocasi\u00f3n&hellip; <\/p>\n","protected":false},"author":12,"featured_media":148437,"comment_status":"closed","ping_status":"open","sticky":false,"template":"","format":"standard","meta":{"footnotes":""},"categories":[3],"tags":[],"class_list":["post-148429","post","type-post","status-publish","format-standard","has-post-thumbnail","hentry","category-politica"],"_links":{"self":[{"href":"https:\/\/corrientesdetarde.com\/index.php\/wp-json\/wp\/v2\/posts\/148429","targetHints":{"allow":["GET"]}}],"collection":[{"href":"https:\/\/corrientesdetarde.com\/index.php\/wp-json\/wp\/v2\/posts"}],"about":[{"href":"https:\/\/corrientesdetarde.com\/index.php\/wp-json\/wp\/v2\/types\/post"}],"author":[{"embeddable":true,"href":"https:\/\/corrientesdetarde.com\/index.php\/wp-json\/wp\/v2\/users\/12"}],"replies":[{"embeddable":true,"href":"https:\/\/corrientesdetarde.com\/index.php\/wp-json\/wp\/v2\/comments?post=148429"}],"version-history":[{"count":1,"href":"https:\/\/corrientesdetarde.com\/index.php\/wp-json\/wp\/v2\/posts\/148429\/revisions"}],"predecessor-version":[{"id":148441,"href":"https:\/\/corrientesdetarde.com\/index.php\/wp-json\/wp\/v2\/posts\/148429\/revisions\/148441"}],"wp:featuredmedia":[{"embeddable":true,"href":"https:\/\/corrientesdetarde.com\/index.php\/wp-json\/wp\/v2\/media\/148437"}],"wp:attachment":[{"href":"https:\/\/corrientesdetarde.com\/index.php\/wp-json\/wp\/v2\/media?parent=148429"}],"wp:term":[{"taxonomy":"category","embeddable":true,"href":"https:\/\/corrientesdetarde.com\/index.php\/wp-json\/wp\/v2\/categories?post=148429"},{"taxonomy":"post_tag","embeddable":true,"href":"https:\/\/corrientesdetarde.com\/index.php\/wp-json\/wp\/v2\/tags?post=148429"}],"curies":[{"name":"wp","href":"https:\/\/api.w.org\/{rel}","templated":true}]}}