{"id":148430,"date":"2024-05-18T15:27:46","date_gmt":"2024-05-18T18:27:46","guid":{"rendered":"https:\/\/corrientesdetarde.com\/?p=148430"},"modified":"2024-05-18T15:27:58","modified_gmt":"2024-05-18T18:27:58","slug":"agoniza-el-pacto-de-mayo-contundente-declaracion-de-valdes","status":"publish","type":"post","link":"https:\/\/corrientesdetarde.com\/index.php\/locales\/agoniza-el-pacto-de-mayo-contundente-declaracion-de-valdes\/","title":{"rendered":"Agoniza el Pacto de Mayo: contundente declaraci\u00f3n de Vald\u00e9s"},"content":{"rendered":"\n<p>El gobernador Gustavo Vald\u00e9s fue consultado sobre el Pacto de Mayo que el presidente Javier Milei promovi\u00f3 como acuerdo de gobernabilidad y que deber\u00eda firmarse el pr\u00f3ximo s\u00e1bado 25 de mayo en un acto patrio a realizar en C\u00f3rdoba. El mandatario correntino fue claro al respecto: &#8220;No s\u00e9 que har\u00e1n&nbsp;porque siempre fue un enunciado unilateral&#8221;.&nbsp;<\/p>\n\n\n\n<p>\u201cNo s\u00e9 qu\u00e9 es lo que van a terminar haciendo con el Pacto de Mayo. Siempre fue un enunciado 10 puntos unilateral, no s\u00e9 si vendr\u00e1 la invitaci\u00f3n, no lo sabemos\u201d, dijo Vald\u00e9s a una semana de la firma.<\/p>\n\n\n\n<p>\u201cEl llamado depende del gobierno y de la articulaci\u00f3n del gobierno\u201d, insisti\u00f3. \u201cEsto fue una propuesta del gobierno, fueron los puntos del gobierno y ahora esperar si quieren, o no, firmar\u201d, agreg\u00f3.<\/p>\n\n\n\n<p>Sin embargo, el ministro del Interior,&nbsp;<strong>Guillermo Francos, ratific\u00f3 que el Pacto de Mayo no ser\u00e1 en mayo sino en una fecha que no la sabe ni el presidente Javier Milei<\/strong>. Adem\u00e1s, intent\u00f3 minimizar el impacto pol\u00edtico del retraso de esa iniciativa que a\u00fan tropieza en el Congreso: \u201cSi uno quiere buscar un efecto simb\u00f3lico con nuestras fechas patrias, enseguida encuentra una fecha\u201d, recalcul\u00f3.<\/p>\n\n\n\n<p>De esta manera, el titular de la cartera pol\u00edtica descart\u00f3 que el oficialismo y la oposici\u00f3n oficialista lleguen a sumar los votos necesarios para sancionar la mentada&nbsp;<strong>Ley Bases<\/strong>, que en algunos puntos fue desintegr\u00e1ndose producto de los duros cuestionamientos en el Senado.<\/p>\n\n\n\n<p>Franco revel\u00f3 que, ante ese escenario por el momento adverso, \u201cel Presidente dijo ayer: \u2018<strong>Si no hay ley en mayo la habr\u00e1 en junio, en julio&#8230;<\/strong>&nbsp;No es importante el plazo o el momento justo en el que sancionemos la ley, sino que lo importante son los efectos que esta ley tenga en el futuro\u2019\u201d.<\/p>\n\n\n\n<p><strong>Ley de Bases<\/strong><\/p>\n\n\n\n<p>Vald\u00e9s tambi\u00e9n opin\u00f3 del tratamiento de la ley en el Congreso y dijo \u201ctenemos que acompa\u00f1ar una ley que ya tiene media sanci\u00f3n en el Congreso. Hay que cambiar la Argentina, para eso trabajamos por mucho tiempo y si segu\u00edamos con este ritmo, el pa\u00eds iba a tener serias dificultades a corto plazo\u201d<\/p>\n","protected":false},"excerpt":{"rendered":"<p>El gobernador Gustavo Vald\u00e9s fue consultado sobre el Pacto de Mayo que el presidente Javier Milei promovi\u00f3 como acuerdo de gobernabilidad y que deber\u00eda firmarse el pr\u00f3ximo s\u00e1bado 25 de&hellip; <\/p>\n","protected":false},"author":12,"featured_media":148435,"comment_status":"closed","ping_status":"open","sticky":false,"template":"","format":"standard","meta":{"footnotes":""},"categories":[8],"tags":[],"class_list":["post-148430","post","type-post","status-publish","format-standard","has-post-thumbnail","hentry","category-locales"],"_links":{"self":[{"href":"https:\/\/corrientesdetarde.com\/index.php\/wp-json\/wp\/v2\/posts\/148430","targetHints":{"allow":["GET"]}}],"collection":[{"href":"https:\/\/corrientesdetarde.com\/index.php\/wp-json\/wp\/v2\/posts"}],"about":[{"href":"https:\/\/corrientesdetarde.com\/index.php\/wp-json\/wp\/v2\/types\/post"}],"author":[{"embeddable":true,"href":"https:\/\/corrientesdetarde.com\/index.php\/wp-json\/wp\/v2\/users\/12"}],"replies":[{"embeddable":true,"href":"https:\/\/corrientesdetarde.com\/index.php\/wp-json\/wp\/v2\/comments?post=148430"}],"version-history":[{"count":1,"href":"https:\/\/corrientesdetarde.com\/index.php\/wp-json\/wp\/v2\/posts\/148430\/revisions"}],"predecessor-version":[{"id":148436,"href":"https:\/\/corrientesdetarde.com\/index.php\/wp-json\/wp\/v2\/posts\/148430\/revisions\/148436"}],"wp:featuredmedia":[{"embeddable":true,"href":"https:\/\/corrientesdetarde.com\/index.php\/wp-json\/wp\/v2\/media\/148435"}],"wp:attachment":[{"href":"https:\/\/corrientesdetarde.com\/index.php\/wp-json\/wp\/v2\/media?parent=148430"}],"wp:term":[{"taxonomy":"category","embeddable":true,"href":"https:\/\/corrientesdetarde.com\/index.php\/wp-json\/wp\/v2\/categories?post=148430"},{"taxonomy":"post_tag","embeddable":true,"href":"https:\/\/corrientesdetarde.com\/index.php\/wp-json\/wp\/v2\/tags?post=148430"}],"curies":[{"name":"wp","href":"https:\/\/api.w.org\/{rel}","templated":true}]}}