{"id":148529,"date":"2024-05-19T12:03:19","date_gmt":"2024-05-19T15:03:19","guid":{"rendered":"https:\/\/corrientesdetarde.com\/?p=148529"},"modified":"2024-05-19T12:03:21","modified_gmt":"2024-05-19T15:03:21","slug":"quien-es-franco-colapinto-el-piloto-argentino-que-gano-una-carrera-en-la-formula-2","status":"publish","type":"post","link":"https:\/\/corrientesdetarde.com\/index.php\/deportes\/quien-es-franco-colapinto-el-piloto-argentino-que-gano-una-carrera-en-la-formula-2\/","title":{"rendered":"\u00bfQui\u00e9n es Franco Colapinto?, el piloto argentino que gan\u00f3 una carrera en la F\u00f3rmula 2"},"content":{"rendered":"\n<p>El joven piloto de 20 a\u00f1os, Franco Colapinto, se coron\u00f3 campe\u00f3n de la carrera Sprint del Gran Premio de Imola de F\u00f3rmula 2, marcando un hito hist\u00f3rico para el automovilismo nacional. Con un adelantamiento electrizante en la \u00faltima vuelta, Colapinto super\u00f3 al estonio Paul Aron y se qued\u00f3 con el primer puesto, desatando la alegr\u00eda de todo el equipo y la hinchada argentina.<\/p>\n\n\n\n<p>El joven piloto de 20 a\u00f1os,\u00a0<strong>Franco Colapinto<\/strong>, se coron\u00f3\u00a0<strong>campe\u00f3n<\/strong>\u00a0de la carrera Sprint del Gran Premio de Imola de F\u00f3rmula 2, marcando un hito hist\u00f3rico para el automovilismo nacional. Con un\u00a0<strong>adelantamiento electrizante<\/strong>\u00a0en la \u00faltima vuelta, Colapinto super\u00f3 al estonio Paul Aron y se qued\u00f3 con el primer puesto, desatando la alegr\u00eda de todo el equipo y la hinchada argentina.<\/p>\n\n\n\n<p><strong>Un sue\u00f1o hecho realidad:<\/strong><\/p>\n\n\n\n<ul class=\"wp-block-list\">\n<li><strong>Victoria hist\u00f3rica:<\/strong>\u00a0Colapinto conquista la primera victoria argentina en F\u00f3rmula 2 desde 2018.<\/li>\n\n\n\n<li><strong>Adelantamiento electrizante:<\/strong>\u00a0Supera a Aron en la \u00faltima vuelta con una maniobra espectacular.<\/li>\n\n\n\n<li><strong>Fin a la sequ\u00eda: S<\/strong>e pone fin a 5 a\u00f1os sin triunfos argentinos en esta categor\u00eda.<\/li>\n\n\n\n<li><strong>Orgullo nacional:\u00a0<\/strong>Su victoria representa un motivo de celebraci\u00f3n para todo el pa\u00eds.<\/li>\n<\/ul>\n\n\n\n<p><strong>Un piloto con talento y futuro:<\/strong><\/p>\n\n\n\n<ul class=\"wp-block-list\">\n<li><strong>Trayectoria:\u00a0<\/strong>Inici\u00f3 en el karting a los 9 a\u00f1os y ha escalado categor\u00edas con \u00e9xito.<\/li>\n\n\n\n<li><strong>Reconocimiento:\u00a0<\/strong>Forma parte de la Academia de Pilotos de Williams.<\/li>\n\n\n\n<li><strong>Promesa<\/strong>: Se posiciona como uno de los j\u00f3venes pilotos m\u00e1s prometedores del mundo.<\/li>\n<\/ul>\n\n\n\n<p><strong>M\u00e1s datos sobre Franco Colapinto:<\/strong><\/p>\n\n\n\n<ul class=\"wp-block-list\">\n<li><strong>Fecha de nacimiento:<\/strong>\u00a027 de mayo de 2003<\/li>\n\n\n\n<li><strong>Lugar de nacimiento:\u00a0<\/strong>Pilar, provincia de Buenos Aires, Argentina<\/li>\n\n\n\n<li>Categor\u00edas en las que ha competido:\n<ul class=\"wp-block-list\">\n<li>Karting<\/li>\n\n\n\n<li>F\u00f3rmula 4 Espa\u00f1ola<\/li>\n\n\n\n<li>Eurocopa de F\u00f3rmula Renault<\/li>\n\n\n\n<li>Asian Le Mans Series<\/li>\n\n\n\n<li>European Le Mans Series<\/li>\n\n\n\n<li>24 Horas de Le Mans<\/li>\n\n\n\n<li>F\u00f3rmula Regional Europea<\/li>\n\n\n\n<li>F\u00f3rmula 3 de la FIA<\/li>\n\n\n\n<li>F\u00f3rmula 2<\/li>\n<\/ul>\n<\/li>\n\n\n\n<li><strong>Logros m\u00e1s destacados:<\/strong>\n<ul class=\"wp-block-list\">\n<li>Campe\u00f3n del Campeonato de Espa\u00f1a de F4 en 2019<\/li>\n\n\n\n<li>Tercer puesto en el Campeonato de Toyota Racing Series en 2020<\/li>\n\n\n\n<li>Tercer puesto en la Eurocopa de F\u00f3rmula Renault (ambos en 2020)<\/li>\n\n\n\n<li>Cuarto puesto en el Campeonato de F\u00f3rmula 3 de la FIA en 2023<\/li>\n\n\n\n<li>Victoria en la carrera Sprint del Gran Premio de Imola de F\u00f3rmula 2 en 2024<\/li>\n<\/ul>\n<\/li>\n\n\n\n<li><strong>Equipo actual:\u00a0<\/strong>MP Motorsport<\/li>\n\n\n\n<li><strong>Academia<\/strong>: Academia de Pilotos de Williams<\/li>\n<\/ul>\n","protected":false},"excerpt":{"rendered":"<p>El joven piloto de 20 a\u00f1os, Franco Colapinto, se coron\u00f3 campe\u00f3n de la carrera Sprint del Gran Premio de Imola de F\u00f3rmula 2, marcando un hito hist\u00f3rico para el automovilismo&hellip; <\/p>\n","protected":false},"author":4,"featured_media":148563,"comment_status":"closed","ping_status":"open","sticky":false,"template":"","format":"standard","meta":{"footnotes":""},"categories":[4],"tags":[],"class_list":["post-148529","post","type-post","status-publish","format-standard","has-post-thumbnail","hentry","category-deportes"],"_links":{"self":[{"href":"https:\/\/corrientesdetarde.com\/index.php\/wp-json\/wp\/v2\/posts\/148529","targetHints":{"allow":["GET"]}}],"collection":[{"href":"https:\/\/corrientesdetarde.com\/index.php\/wp-json\/wp\/v2\/posts"}],"about":[{"href":"https:\/\/corrientesdetarde.com\/index.php\/wp-json\/wp\/v2\/types\/post"}],"author":[{"embeddable":true,"href":"https:\/\/corrientesdetarde.com\/index.php\/wp-json\/wp\/v2\/users\/4"}],"replies":[{"embeddable":true,"href":"https:\/\/corrientesdetarde.com\/index.php\/wp-json\/wp\/v2\/comments?post=148529"}],"version-history":[{"count":1,"href":"https:\/\/corrientesdetarde.com\/index.php\/wp-json\/wp\/v2\/posts\/148529\/revisions"}],"predecessor-version":[{"id":148582,"href":"https:\/\/corrientesdetarde.com\/index.php\/wp-json\/wp\/v2\/posts\/148529\/revisions\/148582"}],"wp:featuredmedia":[{"embeddable":true,"href":"https:\/\/corrientesdetarde.com\/index.php\/wp-json\/wp\/v2\/media\/148563"}],"wp:attachment":[{"href":"https:\/\/corrientesdetarde.com\/index.php\/wp-json\/wp\/v2\/media?parent=148529"}],"wp:term":[{"taxonomy":"category","embeddable":true,"href":"https:\/\/corrientesdetarde.com\/index.php\/wp-json\/wp\/v2\/categories?post=148529"},{"taxonomy":"post_tag","embeddable":true,"href":"https:\/\/corrientesdetarde.com\/index.php\/wp-json\/wp\/v2\/tags?post=148529"}],"curies":[{"name":"wp","href":"https:\/\/api.w.org\/{rel}","templated":true}]}}